{"id":39477,"date":"2018-12-14T11:10:15","date_gmt":"2018-12-14T10:10:15","guid":{"rendered":"https:\/\/old.mercatflors.cat\/?p=39477"},"modified":"2018-12-21T15:57:35","modified_gmt":"2018-12-21T14:57:35","slug":"lista-provisional-de-admitidos-y-excluidos-en-la-convocatoria-de-contratacion-de-danza-nacional-en-gira","status":"publish","type":"post","link":"https:\/\/old.mercatflors.cat\/es\/actualidad\/lista-provisional-de-admitidos-y-excluidos-en-la-convocatoria-de-contratacion-de-danza-nacional-en-gira\/","title":{"rendered":"Lista provisional de admitidos y excluidos en la convocatoria de contrataci\u00f3n de Danza Nacional en Gira"},"content":{"rendered":"<p>Clicka\u00a0<a href=\"https:\/\/old.mercatflors.cat\/wp-content\/uploads\/2018\/12\/Llista-provisional-DNG.pdf\"><span style=\"color: #0000ff;\">aqu\u00ed<\/span> para ver la Lista provisional de admitidos y excluidos en la Convocatoria de oferta de contrataci\u00f3n de espect\u00e1culos de compa\u00f1\u00edas catalanas de danza de medio\/gran formato<\/a><\/p>\n","protected":false},"excerpt":{"rendered":"<p>Clicka\u00a0aqu\u00ed para ver la Lista provisional de admitidos y excluidos [&hellip;]<\/p>\n","protected":false},"author":1,"featured_media":0,"comment_status":"open","ping_status":"open","sticky":false,"template":"","format":"standard","meta":[],"categories":[16],"tags":[],"_links":{"self":[{"href":"https:\/\/old.mercatflors.cat\/es\/wp-json\/wp\/v2\/posts\/39477\/"}],"collection":[{"href":"https:\/\/old.mercatflors.cat\/es\/wp-json\/wp\/v2\/posts\/"}],"about":[{"href":"https:\/\/old.mercatflors.cat\/es\/wp-json\/wp\/v2\/types\/post\/"}],"author":[{"embeddable":true,"href":"https:\/\/old.mercatflors.cat\/es\/wp-json\/wp\/v2\/users\/1\/"}],"replies":[{"embeddable":true,"href":"https:\/\/old.mercatflors.cat\/es\/wp-json\/wp\/v2\/comments\/?post=39477"}],"version-history":[{"count":0,"href":"https:\/\/old.mercatflors.cat\/es\/wp-json\/wp\/v2\/posts\/39477\/revisions\/"}],"wp:attachment":[{"href":"https:\/\/old.mercatflors.cat\/es\/wp-json\/wp\/v2\/media\/?parent=39477"}],"wp:term":[{"taxonomy":"category","embeddable":true,"href":"https:\/\/old.mercatflors.cat\/es\/wp-json\/wp\/v2\/categories\/?post=39477"},{"taxonomy":"post_tag","embeddable":true,"href":"https:\/\/old.mercatflors.cat\/es\/wp-json\/wp\/v2\/tags\/?post=39477"}],"curies":[{"name":"wp","href":"https:\/\/api.w.org\/{rel}","templated":true}]}}