{"id":39540,"date":"2018-12-21T15:58:58","date_gmt":"2018-12-21T14:58:58","guid":{"rendered":"https:\/\/old.mercatflors.cat\/?p=39540"},"modified":"2019-06-17T08:44:45","modified_gmt":"2019-06-17T07:44:45","slug":"lista-definitiva-de-admitidos-y-excluidos-en-la-convocatoria-de-contratacion-de-dansa-nacional-en-gira","status":"publish","type":"post","link":"https:\/\/old.mercatflors.cat\/es\/actualidad\/lista-definitiva-de-admitidos-y-excluidos-en-la-convocatoria-de-contratacion-de-dansa-nacional-en-gira\/","title":{"rendered":"Lista definitiva de admitidos y excluidos en la convocatoria de contrataci\u00f3n de Dansa Nacional en Gira"},"content":{"rendered":"<p>Clicka <a href=\"https:\/\/old.mercatflors.cat\/wp-content\/uploads\/2018\/12\/Llista-definitiva-DNG.pdf\"><span style=\"color: #0000ff;\">aqu\u00ed<\/span> para ver la Lista definitiva de admitidos y excluidos en la Convocatoria de oferta de contrataci\u00f3n de espect\u00e1culos de compa\u00f1\u00edas catalanas de danza de medio\/gran formato<\/a><\/p>\n","protected":false},"excerpt":{"rendered":"<p>Clicka aqu\u00ed para ver la Lista definitiva de admitidos y [&hellip;]<\/p>\n","protected":false},"author":1,"featured_media":0,"comment_status":"open","ping_status":"open","sticky":false,"template":"","format":"standard","meta":[],"categories":[16],"tags":[],"_links":{"self":[{"href":"https:\/\/old.mercatflors.cat\/es\/wp-json\/wp\/v2\/posts\/39540\/"}],"collection":[{"href":"https:\/\/old.mercatflors.cat\/es\/wp-json\/wp\/v2\/posts\/"}],"about":[{"href":"https:\/\/old.mercatflors.cat\/es\/wp-json\/wp\/v2\/types\/post\/"}],"author":[{"embeddable":true,"href":"https:\/\/old.mercatflors.cat\/es\/wp-json\/wp\/v2\/users\/1\/"}],"replies":[{"embeddable":true,"href":"https:\/\/old.mercatflors.cat\/es\/wp-json\/wp\/v2\/comments\/?post=39540"}],"version-history":[{"count":0,"href":"https:\/\/old.mercatflors.cat\/es\/wp-json\/wp\/v2\/posts\/39540\/revisions\/"}],"wp:attachment":[{"href":"https:\/\/old.mercatflors.cat\/es\/wp-json\/wp\/v2\/media\/?parent=39540"}],"wp:term":[{"taxonomy":"category","embeddable":true,"href":"https:\/\/old.mercatflors.cat\/es\/wp-json\/wp\/v2\/categories\/?post=39540"},{"taxonomy":"post_tag","embeddable":true,"href":"https:\/\/old.mercatflors.cat\/es\/wp-json\/wp\/v2\/tags\/?post=39540"}],"curies":[{"name":"wp","href":"https:\/\/api.w.org\/{rel}","templated":true}]}}