{"id":39593,"date":"2019-01-10T15:54:10","date_gmt":"2019-01-10T14:54:10","guid":{"rendered":"https:\/\/old.mercatflors.cat\/?p=39593"},"modified":"2019-02-01T12:54:12","modified_gmt":"2019-02-01T11:54:12","slug":"propuestas-para-participar-en-diferentes-actividades-del-salmon-festival","status":"publish","type":"post","link":"https:\/\/old.mercatflors.cat\/es\/actualidad\/propuestas-para-participar-en-diferentes-actividades-del-salmon-festival\/","title":{"rendered":"Propuestas para participar en diferentes actividades del S\u00c2LMON< festival"},"content":{"rendered":"<p>Del 22 de enero al 10 de febrero tendr\u00e1 lugar el S\u00c2LMON&lt; festival en el Mercat de les Flors y en el Graner f\u00e1brica de creaci\u00f3n, y ete a\u00f1o se expande a numerosos espais de la ciutat, como el Antic Teatre, la Sala Hiroshima, la Fabra i Coats, el MACBA, la Fundaci\u00f3 Mir\u00f3, el Zumzeig, el MNAC, el CaixaForum, etc.<\/p>\n<p>Esta 7a edici\u00f3n del Festival S\u00c2LMON&lt; quiere ser m\u00e1s participativa que nunca y hacer protagonista al p\u00fablico. Por eso presentan cuatro propuestas de laboratorios de creaci\u00f3n y participaci\u00f3n en espect\u00e1culos: desde hacer &#8216;covers&#8217; de cancions, series y otras ficciones con Aristeo Mora, experimentar y participar en un espect\u00e1culo del festival con Alberto Cort\u00e9s, descolonizar gestualidades conLa Agencia, hacer convivir educaci\u00f3n y artes vivas con Javier Cruz, Fernando Gandasegui y Maria Acaso, hasta asistir a un workshop con Semolina Tomic. Todos los laboratorios son gratuitos, con convocatoria abierta hasta cubrir plazas.<\/p>\n<p><strong><a href=\"https:\/\/dv.hotglue.me\/?Un\">+ INFO<\/a><\/strong><\/p>\n","protected":false},"excerpt":{"rendered":"<p>Del 22 de enero al 10 de febrero tendr\u00e1 lugar [&hellip;]<\/p>\n","protected":false},"author":1,"featured_media":0,"comment_status":"open","ping_status":"open","sticky":false,"template":"","format":"standard","meta":[],"categories":[16],"tags":[],"_links":{"self":[{"href":"https:\/\/old.mercatflors.cat\/es\/wp-json\/wp\/v2\/posts\/39593\/"}],"collection":[{"href":"https:\/\/old.mercatflors.cat\/es\/wp-json\/wp\/v2\/posts\/"}],"about":[{"href":"https:\/\/old.mercatflors.cat\/es\/wp-json\/wp\/v2\/types\/post\/"}],"author":[{"embeddable":true,"href":"https:\/\/old.mercatflors.cat\/es\/wp-json\/wp\/v2\/users\/1\/"}],"replies":[{"embeddable":true,"href":"https:\/\/old.mercatflors.cat\/es\/wp-json\/wp\/v2\/comments\/?post=39593"}],"version-history":[{"count":0,"href":"https:\/\/old.mercatflors.cat\/es\/wp-json\/wp\/v2\/posts\/39593\/revisions\/"}],"wp:attachment":[{"href":"https:\/\/old.mercatflors.cat\/es\/wp-json\/wp\/v2\/media\/?parent=39593"}],"wp:term":[{"taxonomy":"category","embeddable":true,"href":"https:\/\/old.mercatflors.cat\/es\/wp-json\/wp\/v2\/categories\/?post=39593"},{"taxonomy":"post_tag","embeddable":true,"href":"https:\/\/old.mercatflors.cat\/es\/wp-json\/wp\/v2\/tags\/?post=39593"}],"curies":[{"name":"wp","href":"https:\/\/api.w.org\/{rel}","templated":true}]}}