{"id":39636,"date":"2019-01-14T15:50:08","date_gmt":"2019-01-14T14:50:08","guid":{"rendered":"https:\/\/old.mercatflors.cat\/?p=39636"},"modified":"2019-06-17T08:44:01","modified_gmt":"2019-06-17T07:44:01","slug":"empieza-la-formacion-del-profesorado-del-proyecto-educativo-tot-dansa-2019","status":"publish","type":"post","link":"https:\/\/old.mercatflors.cat\/es\/actualidad\/empieza-la-formacion-del-profesorado-del-proyecto-educativo-tot-dansa-2019\/","title":{"rendered":"Empieza la formaci\u00f3n del profesorado del proyecto educativo TOT DANSA 2019"},"content":{"rendered":"<p>Esta semana empiezan en el Institut del Teatre las sesiones formativas de danza para los profesores de los centros educativos de secundaria y bachillerato que participan en el TOT DANSA 2019. Se trata de diez sesiones para una quincena de profesores de los seis centros educativos de Barcelona que participan en este programa, organizado junto al Instituto Municipal de Educaci\u00f3n del Ayuntamiento de Barcelona y el Mercat de les Flors.<\/p>\n<p>En esta primera fase del programa, los docentes aprender\u00e1n la coreograf\u00eda creada por S\u00f2nia G\u00f3mez, graduada del Conservatorio Profesional de Danza del Institut del Teatre en 1997, y posteriormente la ense\u00f1ar\u00e1n a sus alumnos. El resultado final podr\u00e1 verse el 6 de junio en el Mercat de les Flors en una gala final en la que los alumnos bailar\u00e1n la pieza. S\u00f2nia G\u00f3mez contar\u00e1 con la ayuda de profesores y alumnos de la especialidad de pedagog\u00eda de la danza del Conservatorio Superior de Danza (CSD) del Institut del Teatre para ense\u00f1ar la pieza a los profesores.<\/p>\n<p><strong>Tot Dansa 2019<\/strong><\/p>\n<p>Tot Dansa, puesto en marcha hace m\u00e1s de 18 a\u00f1os, es un proyecto educativo creado con el objetivo de dar a conocer al p\u00fablico joven desde su propio centro formativo y a trav\u00e9s de su profesorado c\u00f3digos y pr\u00e1cticas del lenguaje del movimiento y la danza contempor\u00e1nea.<\/p>\n<p>Tot Dansa se inicia con la selecci\u00f3n del core\u00f3graf que debe crear una pieza para ense\u00f1ar a los centros formativos a trav\u00e9s de una convocatoria p\u00fablica del Mercat de les Flors. En esta edici\u00f3n, la core\u00f3grafa seleccionada ha sido S\u00f2nia G\u00f3mez, con la propuesta <em>Junts<\/em>.<\/p>\n","protected":false},"excerpt":{"rendered":"<p>Esta semana empiezan en el Institut del Teatre las sesiones [&hellip;]<\/p>\n","protected":false},"author":1,"featured_media":0,"comment_status":"open","ping_status":"open","sticky":false,"template":"","format":"standard","meta":[],"categories":[16],"tags":[],"_links":{"self":[{"href":"https:\/\/old.mercatflors.cat\/es\/wp-json\/wp\/v2\/posts\/39636\/"}],"collection":[{"href":"https:\/\/old.mercatflors.cat\/es\/wp-json\/wp\/v2\/posts\/"}],"about":[{"href":"https:\/\/old.mercatflors.cat\/es\/wp-json\/wp\/v2\/types\/post\/"}],"author":[{"embeddable":true,"href":"https:\/\/old.mercatflors.cat\/es\/wp-json\/wp\/v2\/users\/1\/"}],"replies":[{"embeddable":true,"href":"https:\/\/old.mercatflors.cat\/es\/wp-json\/wp\/v2\/comments\/?post=39636"}],"version-history":[{"count":0,"href":"https:\/\/old.mercatflors.cat\/es\/wp-json\/wp\/v2\/posts\/39636\/revisions\/"}],"wp:attachment":[{"href":"https:\/\/old.mercatflors.cat\/es\/wp-json\/wp\/v2\/media\/?parent=39636"}],"wp:term":[{"taxonomy":"category","embeddable":true,"href":"https:\/\/old.mercatflors.cat\/es\/wp-json\/wp\/v2\/categories\/?post=39636"},{"taxonomy":"post_tag","embeddable":true,"href":"https:\/\/old.mercatflors.cat\/es\/wp-json\/wp\/v2\/tags\/?post=39636"}],"curies":[{"name":"wp","href":"https:\/\/api.w.org\/{rel}","templated":true}]}}