{"id":39716,"date":"2019-01-23T11:47:53","date_gmt":"2019-01-23T10:47:53","guid":{"rendered":"https:\/\/old.mercatflors.cat\/?p=39716"},"modified":"2019-02-14T13:17:44","modified_gmt":"2019-02-14T12:17:44","slug":"oferta-de-trabajo-en-el-graner-se-busca-coordinador-a-tecnico","status":"publish","type":"post","link":"https:\/\/old.mercatflors.cat\/es\/actualidad\/oferta-de-trabajo-en-el-graner-se-busca-coordinador-a-tecnico\/","title":{"rendered":"Oferta de trabajo en el GRANER: se busca Coordinador\/a t\u00e9cnico"},"content":{"rendered":"<p>El Graner centro de creaci\u00f3n de danza y artes vivas, f\u00e1brica de creaci\u00f3n situada en la Zona Franca y gestionada por el Mercat de les Flors, ampl\u00eda su equipo y requiere la contrataci\u00f3n de un t\u00e9cnico auxiliar para garantizar el funcionamiento en las \u00e1reas de escenotecnia, mantenimiento de edificio e instalaciones, y servicios generales<\/p>\n<p>Se ofrece un contrato de obra y servicio sujeta a mandato (m\u00e1ximo 3 a\u00f1os) con categor\u00eda de t\u00e9cnico auxiliar<\/p>\n<p>La fecha l\u00edmite para presentar candidaturas acaba el lunes 4 de febrero y la incorporaci\u00f3n est\u00e1 prevista para el 4 de marzo<\/p>\n<p><a href=\"https:\/\/old.mercatflors.cat\/wp-content\/uploads\/2019\/01\/BASES-OFERTA-DE-TREBALL_Coordinador-T%C3%A8cnic.pdf\"><span style=\"color: #0000ff;\">Consulta aqu\u00ed las bases de la oferta<\/span><\/a><\/p>\n","protected":false},"excerpt":{"rendered":"<p>El Graner centro de creaci\u00f3n de danza y artes vivas, [&hellip;]<\/p>\n","protected":false},"author":1,"featured_media":0,"comment_status":"open","ping_status":"open","sticky":false,"template":"","format":"standard","meta":[],"categories":[16],"tags":[],"_links":{"self":[{"href":"https:\/\/old.mercatflors.cat\/es\/wp-json\/wp\/v2\/posts\/39716\/"}],"collection":[{"href":"https:\/\/old.mercatflors.cat\/es\/wp-json\/wp\/v2\/posts\/"}],"about":[{"href":"https:\/\/old.mercatflors.cat\/es\/wp-json\/wp\/v2\/types\/post\/"}],"author":[{"embeddable":true,"href":"https:\/\/old.mercatflors.cat\/es\/wp-json\/wp\/v2\/users\/1\/"}],"replies":[{"embeddable":true,"href":"https:\/\/old.mercatflors.cat\/es\/wp-json\/wp\/v2\/comments\/?post=39716"}],"version-history":[{"count":0,"href":"https:\/\/old.mercatflors.cat\/es\/wp-json\/wp\/v2\/posts\/39716\/revisions\/"}],"wp:attachment":[{"href":"https:\/\/old.mercatflors.cat\/es\/wp-json\/wp\/v2\/media\/?parent=39716"}],"wp:term":[{"taxonomy":"category","embeddable":true,"href":"https:\/\/old.mercatflors.cat\/es\/wp-json\/wp\/v2\/categories\/?post=39716"},{"taxonomy":"post_tag","embeddable":true,"href":"https:\/\/old.mercatflors.cat\/es\/wp-json\/wp\/v2\/tags\/?post=39716"}],"curies":[{"name":"wp","href":"https:\/\/api.w.org\/{rel}","templated":true}]}}