{"id":39806,"date":"2019-01-31T13:15:50","date_gmt":"2019-01-31T12:15:50","guid":{"rendered":"https:\/\/old.mercatflors.cat\/?p=39806"},"modified":"2019-06-17T08:43:24","modified_gmt":"2019-06-17T07:43:24","slug":"salva-sanchis-recibe-el-premio-de-danza-ciutat-de-barcelona-por-radical-light","status":"publish","type":"post","link":"https:\/\/old.mercatflors.cat\/es\/actualidad\/salva-sanchis-recibe-el-premio-de-danza-ciutat-de-barcelona-por-radical-light\/","title":{"rendered":"Salva Sanchis recibe el Premio de Danza Ciutat de Barcelona por Radical Light"},"content":{"rendered":"<p>El jurado del Premio de Danza, integrado por \u00c0ngels Margarit (presidenta), Jordi Sora, Gast\u00f3n Core, Mariana Giustina y Beatriz Fern\u00e1ndez ha otorgado, por unanimidad, el premio a Salva Sanchis <em>por la presentaci\u00f3n de la obra <\/em>Radical Light<em> por su excelente escritura coreogr\u00e1fica que en su investigaci\u00f3n del movimiento consigue transmitir una gran potencia expresiva y una singular belleza.<\/em><\/p>\n<p>El Jurado considera adecuado hacer una menci\u00f3n a N\u00faria Guiu por la piez<strong>a <\/strong><em>Likes,<\/em>\u00a0 en la que integra su investigaci\u00f3n coreogr\u00e1fica y antropol\u00f3gica, adem\u00e1s de una magn\u00edfica interpretaci\u00f3n.<\/p>\n<p><em>Radical Light<\/em> pudimos ver en el Mercat de les Flors en mayo de 2018 dentro de la anterior temporada. Se trata de una coreograf\u00eda para cinco bailarines a partir de la m\u00fasica tecno minimalista y electr\u00f3nica de los compositors Senjan Jansen y Joris Vermeiren (Discodesafinado). Salva Sanchis presenta un aut\u00e9ntico di\u00e1logo entre una danza directa, con m\u00faltiples capas y sin adulteraciones, y una m\u00fasica basada en el concepto musical de pulsaci\u00f3n.<\/p>\n<p>El catal\u00e1n Salva Sanchis estudi\u00f3 en el Institut del Teatre de Barcelona y en P.A.R.T.S., donde se gradu\u00f3 con la primera promoci\u00f3n. Su proyecto de final de estudios se represent\u00f3 en diversos puntos de Europa y desde entonces cre\u00f3 diversas obras. En 2003 entr\u00f3 a formar parte de la compa\u00f1\u00eda Rosas, naciendo la colaboraci\u00f3n coreogr\u00e1fica con Anne Teresa De Keersmaeker, con quien firm\u00f3 diversas coreograf\u00edas conjuntas. Tambi\u00e9n ha creado piezas propias producidas por Rosas. Desde 2009 hasta 2017 Salva Sanchis ha llevado la direcci\u00f3n art\u00edstica de Kunst\/Werk junto al core\u00f3grafo Marc Vanrunxt.<\/p>\n","protected":false},"excerpt":{"rendered":"<p>El jurado del Premio de Danza, integrado por \u00c0ngels Margarit [&hellip;]<\/p>\n","protected":false},"author":1,"featured_media":0,"comment_status":"open","ping_status":"open","sticky":false,"template":"","format":"standard","meta":[],"categories":[16],"tags":[],"_links":{"self":[{"href":"https:\/\/old.mercatflors.cat\/es\/wp-json\/wp\/v2\/posts\/39806\/"}],"collection":[{"href":"https:\/\/old.mercatflors.cat\/es\/wp-json\/wp\/v2\/posts\/"}],"about":[{"href":"https:\/\/old.mercatflors.cat\/es\/wp-json\/wp\/v2\/types\/post\/"}],"author":[{"embeddable":true,"href":"https:\/\/old.mercatflors.cat\/es\/wp-json\/wp\/v2\/users\/1\/"}],"replies":[{"embeddable":true,"href":"https:\/\/old.mercatflors.cat\/es\/wp-json\/wp\/v2\/comments\/?post=39806"}],"version-history":[{"count":0,"href":"https:\/\/old.mercatflors.cat\/es\/wp-json\/wp\/v2\/posts\/39806\/revisions\/"}],"wp:attachment":[{"href":"https:\/\/old.mercatflors.cat\/es\/wp-json\/wp\/v2\/media\/?parent=39806"}],"wp:term":[{"taxonomy":"category","embeddable":true,"href":"https:\/\/old.mercatflors.cat\/es\/wp-json\/wp\/v2\/categories\/?post=39806"},{"taxonomy":"post_tag","embeddable":true,"href":"https:\/\/old.mercatflors.cat\/es\/wp-json\/wp\/v2\/tags\/?post=39806"}],"curies":[{"name":"wp","href":"https:\/\/api.w.org\/{rel}","templated":true}]}}