{"id":40886,"date":"2019-05-30T11:51:29","date_gmt":"2019-05-30T10:51:29","guid":{"rendered":"https:\/\/old.mercatflors.cat\/?p=40886"},"modified":"2019-06-19T15:28:36","modified_gmt":"2019-06-19T14:28:36","slug":"convocatoria-para-bailarines-e-interpretes-profesionales-cel%c2%b7lula2","status":"publish","type":"post","link":"https:\/\/old.mercatflors.cat\/es\/actualidad\/convocatoria-para-bailarines-e-interpretes-profesionales-cel%c2%b7lula2\/","title":{"rendered":"Convocatoria para bailarines e int\u00e9rpretes profesionales \/ C\u00c8L\u00b7LULA#2\/"},"content":{"rendered":"<p>La Di\u00fcrna, en colaboraci\u00f3n con el Mercat de les Flors, convoca una audici\u00f3n para la selecci\u00f3n de 10 bailarines e int\u00e9rpretes profesionales para formar parte de la creaci\u00f3n del pr\u00f3ximo espect\u00e1culo de Pere Faura, bajo el t\u00edtulo \u201cBye Bye Life. Nocturne Requiem\u201d coproducido por el Mercat de les Flors (Programa C\u00e8l\u00b7lula#), La Di\u00fcrna y el Festival Grec 2020.<\/p>\n<p>Fecha l\u00edmite para entregar la solicitud: 16 de junio<\/p>\n<p>M\u00e1s informaci\u00f3n sobre calendarios de ensayo y de funci\u00f3n, condiciones de contrataci\u00f3n, documentaci\u00f3n a presentar, etc en <a href=\"https:\/\/old.mercatflors.cat\/wp-content\/uploads\/2019\/05\/Text_audicions_Fossi-v.final2_.pdf\"><span style=\"color: #0000ff;\">las bases de la convocatoria<\/span><\/a><\/p>\n","protected":false},"excerpt":{"rendered":"<p>La Di\u00fcrna, en colaboraci\u00f3n con el Mercat de les Flors, [&hellip;]<\/p>\n","protected":false},"author":1,"featured_media":0,"comment_status":"open","ping_status":"open","sticky":false,"template":"","format":"standard","meta":[],"categories":[16],"tags":[],"_links":{"self":[{"href":"https:\/\/old.mercatflors.cat\/es\/wp-json\/wp\/v2\/posts\/40886\/"}],"collection":[{"href":"https:\/\/old.mercatflors.cat\/es\/wp-json\/wp\/v2\/posts\/"}],"about":[{"href":"https:\/\/old.mercatflors.cat\/es\/wp-json\/wp\/v2\/types\/post\/"}],"author":[{"embeddable":true,"href":"https:\/\/old.mercatflors.cat\/es\/wp-json\/wp\/v2\/users\/1\/"}],"replies":[{"embeddable":true,"href":"https:\/\/old.mercatflors.cat\/es\/wp-json\/wp\/v2\/comments\/?post=40886"}],"version-history":[{"count":0,"href":"https:\/\/old.mercatflors.cat\/es\/wp-json\/wp\/v2\/posts\/40886\/revisions\/"}],"wp:attachment":[{"href":"https:\/\/old.mercatflors.cat\/es\/wp-json\/wp\/v2\/media\/?parent=40886"}],"wp:term":[{"taxonomy":"category","embeddable":true,"href":"https:\/\/old.mercatflors.cat\/es\/wp-json\/wp\/v2\/categories\/?post=40886"},{"taxonomy":"post_tag","embeddable":true,"href":"https:\/\/old.mercatflors.cat\/es\/wp-json\/wp\/v2\/tags\/?post=40886"}],"curies":[{"name":"wp","href":"https:\/\/api.w.org\/{rel}","templated":true}]}}