{"id":4135,"date":"2012-10-31T11:42:05","date_gmt":"2012-10-31T11:42:05","guid":{"rendered":"https:\/\/old.mercatflors.cat\/?p=4135"},"modified":"2012-11-19T11:39:08","modified_gmt":"2012-11-19T11:39:08","slug":"se-celebra-en-barcelona-el-ii-congreso-de-investigacion-en-danza","status":"publish","type":"post","link":"https:\/\/old.mercatflors.cat\/es\/actualidad\/se-celebra-en-barcelona-el-ii-congreso-de-investigacion-en-danza\/","title":{"rendered":"Se celebra en Barcelona el II Congreso de Investigaci\u00f3n en Danza"},"content":{"rendered":"<p>Entre los d\u00edas 16 y 18 de noviembre tendr\u00e1 lugar en Barcelona el II Congreso Nacional de Investigaci\u00f3n en Danza. La Asociaci\u00f3n D+I (Danza + Investigaci\u00f3n) organiza el Congreso con el objetivo de potenciar su \u00e1mbito de estudio en el Estado espa\u00f1ol, a trav\u00e9s de la promoci\u00f3n de trabajos, el intercambio de conocimiento entre profesionales de diferentes \u00e1mbitos y el apoyo a la publicaci\u00f3n de art\u00edculos de investigaci\u00f3n sobre danza en nuestra casa.<\/p>\n<p>Organizado conjuntamente por la Facultad Blanquerna de la Universidad Ramon Llull, y con el apoyo de la f\u00e1brica de creaci\u00f3n Graner i la Universidad Aut\u00f3noma de Barcelona, la Asociaci\u00f3n D+I reune en este Congreso m\u00e1s de veinte conferencias y comunicaciones de perfiles muy diversos.<\/p>\n<p>Haciendo de la pluridisciplinariedad bandera, el comit\u00e9 organizador ha apostado por la suma de experiencias y puntos de vista en un congreso que quiere promOver la concienciaci\u00f3n de una identidad investigadora alrededor de la danza. Es decir, evidenciar el inter\u00e9s transversal de la danza como \u00e1mbito de estudio poniendo en com\u00fan investigadores que la abordan desde perspectivas muy diferentes entre s\u00ed: pedag\u00f3gica, f\u00edsica, de la salud, interpretativa, conceptual, hist\u00f3rica, etc. As\u00ed, entre los principales objetivos del congreso tambi\u00e9n se cuenta con favorecer el <em>networking <\/em>entre investigadores. La Asosiaci\u00f3n D+I quiere tejer en este sentido una doble red de apoyo te\u00f3rico para el \u00e1mbito de la danza: de conocimiento por un lado y geogr\u00e1fica por el otro, a trav\u00e9s de la reuni\u00f3n en Barcelona de personas de todo el Estado.<\/p>\n<p>Despu\u00e9s del \u00e9xito y el inter\u00e9s generado por el primer Congreso de la asociaci\u00f3n, bajo el lema \u201cLa Investigaci\u00f3n en Danza, \u00bfqu\u00e9, c\u00f3mo y para qu\u00e9?\u201d, que tuvo lugar en Murcia en 2010, el Congreso de este a\u00f1o supone la consolidaci\u00f3n de la Asociaci\u00f3n D+I como entidad de referencia en la divulgaci\u00f3n y defensa de la Danza \u2013 sin distinci\u00f3n de est\u00e9ticas \u2013 como \u00e1mbito de estudio en el Estado espa\u00f1ol.<\/p>\n<p>Para m\u00e1s informaci\u00f3n y para conocer en detalle la programaci\u00f3n del congreso, consultad <a href=\"http:\/\/www.danzamasinvestigacion.es\"><strong>AQU\u00cd<\/strong><\/a><br \/>\nDossier <a href=\" http:\/\/www.mercatflors.cat\/2012-2013\/web\/dossier_congres_dansa.pdf\" target=\"_blank\"><strong>AQU\u00cd\u00a0<\/strong><\/a><\/p>\n","protected":false},"excerpt":{"rendered":"<p>Entre los d\u00edas 16 y 18 de noviembre tendr\u00e1 lugar [&hellip;]<\/p>\n","protected":false},"author":1,"featured_media":0,"comment_status":"open","ping_status":"open","sticky":false,"template":"","format":"standard","meta":[],"categories":[16],"tags":[],"_links":{"self":[{"href":"https:\/\/old.mercatflors.cat\/es\/wp-json\/wp\/v2\/posts\/4135\/"}],"collection":[{"href":"https:\/\/old.mercatflors.cat\/es\/wp-json\/wp\/v2\/posts\/"}],"about":[{"href":"https:\/\/old.mercatflors.cat\/es\/wp-json\/wp\/v2\/types\/post\/"}],"author":[{"embeddable":true,"href":"https:\/\/old.mercatflors.cat\/es\/wp-json\/wp\/v2\/users\/1\/"}],"replies":[{"embeddable":true,"href":"https:\/\/old.mercatflors.cat\/es\/wp-json\/wp\/v2\/comments\/?post=4135"}],"version-history":[{"count":0,"href":"https:\/\/old.mercatflors.cat\/es\/wp-json\/wp\/v2\/posts\/4135\/revisions\/"}],"wp:attachment":[{"href":"https:\/\/old.mercatflors.cat\/es\/wp-json\/wp\/v2\/media\/?parent=4135"}],"wp:term":[{"taxonomy":"category","embeddable":true,"href":"https:\/\/old.mercatflors.cat\/es\/wp-json\/wp\/v2\/categories\/?post=4135"},{"taxonomy":"post_tag","embeddable":true,"href":"https:\/\/old.mercatflors.cat\/es\/wp-json\/wp\/v2\/tags\/?post=4135"}],"curies":[{"name":"wp","href":"https:\/\/api.w.org\/{rel}","templated":true}]}}