{"id":4141,"date":"2012-10-31T17:20:05","date_gmt":"2012-10-31T17:20:05","guid":{"rendered":"https:\/\/old.mercatflors.cat\/?p=4141"},"modified":"2012-11-28T16:13:44","modified_gmt":"2012-11-28T16:13:44","slug":"resolucion-de-la-tercera-convocatoria-de-residencias-el-graner","status":"publish","type":"post","link":"https:\/\/old.mercatflors.cat\/es\/actualidad\/resolucion-de-la-tercera-convocatoria-de-residencias-el-graner\/","title":{"rendered":"Resoluci\u00f3n de la tercera convocatoria de residencias El Graner"},"content":{"rendered":"<p>La resoluci\u00f3n de la tercera convocatoria de residencias del Graner se ha cerrado con un total de 18 propuestas recibidas, que configuran un mapa heterog\u00e9neo de estilos con compa\u00f1\u00edas de solvencia contrastada y tambi\u00e9n creadores emergentes. Despu\u00e9s de un estudio detallado valorando el inter\u00e9s art\u00edstico y las necesidades t\u00e9cnicas de cada propuesta, el Graner ha aceptado siete propuestas por la calidad art\u00edstica de los proyectos. Siete compa\u00f1\u00edas y creadores ser\u00e1n residentes en la f\u00e1brica de creaci\u00f3n Graner despu\u00e9s de haberse resuelto el 30 de octubre la tercera convocatoria de residencias por parte de una comisi\u00f3n de expertos: Juliana Reyes (codirectora del Festival Impulsos, Bogot\u00e1, Colombia), Carles Mallol (Socio fundador de la Caldera, Barcelona, Catalunya y representante de la Asociaci\u00f3n de Compa\u00f1\u00edas de Danza), Marc Oliver (Programador, Barcelona, como representante del Mercat de les Flors) y Cristina Alonso (coordinadora del Graner).<\/p>\n<p>As\u00ed pues, los pr\u00f3ximos meses trabajar\u00e1n en el espacio: Albert Quesada, Crida Company, El Conde de Torrefiel, Guido Sarli, Juska Weigel, N\u00faria Guiu y Zero Visibility.<\/p>\n<p>El Graner se incluye dentro del programa de F\u00e1bricas de Creaci\u00f3n del Ayuntamiento de Barcelona que tiene como objetivo apoyar la creaci\u00f3n art\u00edstica en nuestra ciudad. El Institut de Cultura ha encargado al Mercat de les Flors la gesti\u00f3n del equipamiento, que realiza con una comisi\u00f3n de seguimiento en la que tambi\u00e9n participan las Asociaciones de Profesionales y de Compa\u00f1\u00edas de Danza de Catalunya.<\/p>\n","protected":false},"excerpt":{"rendered":"<p>La resoluci\u00f3n de la tercera convocatoria de residencias del Graner [&hellip;]<\/p>\n","protected":false},"author":1,"featured_media":0,"comment_status":"open","ping_status":"open","sticky":false,"template":"","format":"standard","meta":[],"categories":[16],"tags":[],"_links":{"self":[{"href":"https:\/\/old.mercatflors.cat\/es\/wp-json\/wp\/v2\/posts\/4141\/"}],"collection":[{"href":"https:\/\/old.mercatflors.cat\/es\/wp-json\/wp\/v2\/posts\/"}],"about":[{"href":"https:\/\/old.mercatflors.cat\/es\/wp-json\/wp\/v2\/types\/post\/"}],"author":[{"embeddable":true,"href":"https:\/\/old.mercatflors.cat\/es\/wp-json\/wp\/v2\/users\/1\/"}],"replies":[{"embeddable":true,"href":"https:\/\/old.mercatflors.cat\/es\/wp-json\/wp\/v2\/comments\/?post=4141"}],"version-history":[{"count":0,"href":"https:\/\/old.mercatflors.cat\/es\/wp-json\/wp\/v2\/posts\/4141\/revisions\/"}],"wp:attachment":[{"href":"https:\/\/old.mercatflors.cat\/es\/wp-json\/wp\/v2\/media\/?parent=4141"}],"wp:term":[{"taxonomy":"category","embeddable":true,"href":"https:\/\/old.mercatflors.cat\/es\/wp-json\/wp\/v2\/categories\/?post=4141"},{"taxonomy":"post_tag","embeddable":true,"href":"https:\/\/old.mercatflors.cat\/es\/wp-json\/wp\/v2\/tags\/?post=4141"}],"curies":[{"name":"wp","href":"https:\/\/api.w.org\/{rel}","templated":true}]}}