{"id":4195,"date":"2012-11-09T10:43:55","date_gmt":"2012-11-09T10:43:55","guid":{"rendered":"https:\/\/old.mercatflors.cat\/?p=4195"},"modified":"2012-11-28T12:01:49","modified_gmt":"2012-11-28T12:01:49","slug":"el-mercat-acoge-la-gala-de-entrega-de-los-premios-butaca","status":"publish","type":"post","link":"https:\/\/old.mercatflors.cat\/es\/actualidad\/el-mercat-acoge-la-gala-de-entrega-de-los-premios-butaca\/","title":{"rendered":"El Mercat acoge la gala de entrega de los Premios Butaca"},"content":{"rendered":"<p align=\"left\">El pr\u00f3ximo 27 de noviembre tendr\u00e1 lugar en el Mercat de les Flors la entrega de los Premios Butaca en su XVIII edici\u00f3n. Este a\u00f1o los galardones de teatro incluyen 19 categor\u00edas.<\/p>\n<p align=\"left\">Los Premios Butaca pueden considerare actualmente los galardones de referencia del mundo del teatro en Catalunya. Los Butaca nacieron en 1995 con el objetivo de crear unos premios escogidos exclusivamente por los espectadores. Esta decisi\u00f3n ten\u00eda una doble voluntad: crear los primeros premios de teatro de votaci\u00f3n popular de Catalunya y apostar por un galard\u00f3n especialmente sincero, libre de cualquier manipulaci\u00f3n y desligado de empresas y organizaciones vinculadas profesionalmente al mundo del espect\u00e1culo.<\/p>\n<p align=\"left\">Hasta el 20 de noviembre a\u00fan se puede votar a trav\u00e9s de su web <a href=\"http:\/\/www.premisbutaca.cat\/\" target=\"_blank\"><strong>www.premisbutaca.cat<\/strong><\/a>.<\/p>\n","protected":false},"excerpt":{"rendered":"<p>El pr\u00f3ximo 27 de noviembre tendr\u00e1 lugar en el Mercat [&hellip;]<\/p>\n","protected":false},"author":1,"featured_media":0,"comment_status":"open","ping_status":"open","sticky":false,"template":"","format":"standard","meta":[],"categories":[16],"tags":[],"_links":{"self":[{"href":"https:\/\/old.mercatflors.cat\/es\/wp-json\/wp\/v2\/posts\/4195\/"}],"collection":[{"href":"https:\/\/old.mercatflors.cat\/es\/wp-json\/wp\/v2\/posts\/"}],"about":[{"href":"https:\/\/old.mercatflors.cat\/es\/wp-json\/wp\/v2\/types\/post\/"}],"author":[{"embeddable":true,"href":"https:\/\/old.mercatflors.cat\/es\/wp-json\/wp\/v2\/users\/1\/"}],"replies":[{"embeddable":true,"href":"https:\/\/old.mercatflors.cat\/es\/wp-json\/wp\/v2\/comments\/?post=4195"}],"version-history":[{"count":0,"href":"https:\/\/old.mercatflors.cat\/es\/wp-json\/wp\/v2\/posts\/4195\/revisions\/"}],"wp:attachment":[{"href":"https:\/\/old.mercatflors.cat\/es\/wp-json\/wp\/v2\/media\/?parent=4195"}],"wp:term":[{"taxonomy":"category","embeddable":true,"href":"https:\/\/old.mercatflors.cat\/es\/wp-json\/wp\/v2\/categories\/?post=4195"},{"taxonomy":"post_tag","embeddable":true,"href":"https:\/\/old.mercatflors.cat\/es\/wp-json\/wp\/v2\/tags\/?post=4195"}],"curies":[{"name":"wp","href":"https:\/\/api.w.org\/{rel}","templated":true}]}}