{"id":4350,"date":"2012-11-21T15:34:19","date_gmt":"2012-11-21T15:34:19","guid":{"rendered":"https:\/\/old.mercatflors.cat\/?p=4350"},"modified":"2012-11-28T12:01:14","modified_gmt":"2012-11-28T12:01:14","slug":"este-fin-de-semana-empieza-el-programa-ff80-en-temporada-alta","status":"publish","type":"post","link":"https:\/\/old.mercatflors.cat\/es\/actualidad\/este-fin-de-semana-empieza-el-programa-ff80-en-temporada-alta\/","title":{"rendered":"Este fin de semana empieza el programa #FF80 en Temporada Alta"},"content":{"rendered":"<p align=\"left\">El Graner y el Temporada Alta han llegado a un acuerdo de colaboraci\u00f3n que se iniciar\u00e1 durante esta edici\u00f3n del festival y que continuar\u00e1 los pr\u00f3ximos a\u00f1os. Con el nombre de #FF80, el programa busca crear relaciones directas y de continuidad entre creadores y programadores y\/o directoras\/es de centros de creaci\u00f3n, relaciones art\u00edsticas de complicidad de largo recorrido.<\/p>\n<p align=\"left\">La colaboraci\u00f3n se concreta en diferentes actividades:<\/p>\n<p align=\"left\">1. Un\u00a0 encuentro de 48 horas en una mas\u00eda a puerta cerrada con los creadores implicados por hablar de c\u00f3mo construir, de manera conjunta, lazos de producci\u00f3n que posibiliten sus procesos de creaci\u00f3n futuros (21 a 22 de noviembre).<\/p>\n<p align=\"left\">2. La programaci\u00f3n de 3 propuestas de #FF80 dentro de la semana de programadores catalanes espec\u00edfica que organiza Temporada Alta (22 a 25 de noviembre). Los artistas ser\u00e1n Pere Faura, Albert Quesada y Eul\u00e0lia Ayguad\u00e9\/Joan Catal\u00e0\/Jordi Molina.<\/p>\n<p align=\"left\">3. Se invita a 4 \u2013 5 programadores internacionales que est\u00e9n interesados en realizar un seguimiento y acompa\u00f1amiento a medio plazo de alguno de los proyectos futuros de los creadores #FF80 (colaboraci\u00f3n con Institut Ramon Llull).<\/p>\n<p align=\"left\">#FF80 toma su nombre del Follow Friday, que es como se conocen las recomendaciones que se hacen en la red social Twitter los viernes. As\u00ed, cada usuario recomienda a otros usuarios.<\/p>\n<p align=\"left\">#FF80 comprende creadores catalanes de una misma generaci\u00f3n (nacidos en los 80), que han estudiado y trabajado en el extranjero y se mueven entre nuestra escena y la internacional, en muchas ocasiones por la fragilidad de la escena local. Todos ellos trabajan con c\u00f3digos art\u00edsticos que potencian la escena h\u00edbrida y la combinaci\u00f3n de lenguajes.<\/p>\n<p align=\"left\">El Graner es un espacio gestionado por el Mercat de les Flors dentro del programa de f\u00e1bricas de creaci\u00f3n del Ayuntamiento de Barcelona.<\/p>\n<p align=\"left\">M\u00e1s info <a href=\"http:\/\/www.mercatflors.cat\/2012-2013\/graner\/dossier_ff.pdf\" target=\"_blank\"><strong>AQU\u00cd<\/strong><\/a><\/p>\n","protected":false},"excerpt":{"rendered":"<p>El Graner y el Temporada Alta han llegado a un [&hellip;]<\/p>\n","protected":false},"author":1,"featured_media":0,"comment_status":"open","ping_status":"open","sticky":false,"template":"","format":"standard","meta":[],"categories":[16],"tags":[],"_links":{"self":[{"href":"https:\/\/old.mercatflors.cat\/es\/wp-json\/wp\/v2\/posts\/4350\/"}],"collection":[{"href":"https:\/\/old.mercatflors.cat\/es\/wp-json\/wp\/v2\/posts\/"}],"about":[{"href":"https:\/\/old.mercatflors.cat\/es\/wp-json\/wp\/v2\/types\/post\/"}],"author":[{"embeddable":true,"href":"https:\/\/old.mercatflors.cat\/es\/wp-json\/wp\/v2\/users\/1\/"}],"replies":[{"embeddable":true,"href":"https:\/\/old.mercatflors.cat\/es\/wp-json\/wp\/v2\/comments\/?post=4350"}],"version-history":[{"count":0,"href":"https:\/\/old.mercatflors.cat\/es\/wp-json\/wp\/v2\/posts\/4350\/revisions\/"}],"wp:attachment":[{"href":"https:\/\/old.mercatflors.cat\/es\/wp-json\/wp\/v2\/media\/?parent=4350"}],"wp:term":[{"taxonomy":"category","embeddable":true,"href":"https:\/\/old.mercatflors.cat\/es\/wp-json\/wp\/v2\/categories\/?post=4350"},{"taxonomy":"post_tag","embeddable":true,"href":"https:\/\/old.mercatflors.cat\/es\/wp-json\/wp\/v2\/tags\/?post=4350"}],"curies":[{"name":"wp","href":"https:\/\/api.w.org\/{rel}","templated":true}]}}