{"id":4387,"date":"2012-11-23T13:22:42","date_gmt":"2012-11-23T13:22:42","guid":{"rendered":"https:\/\/old.mercatflors.cat\/?p=4387"},"modified":"2012-12-20T12:08:02","modified_gmt":"2012-12-20T12:08:02","slug":"cancelados-los-conciertos-del-primavera-club-en-el-mercat-de-les-flors","status":"publish","type":"post","link":"https:\/\/old.mercatflors.cat\/es\/actualidad\/cancelados-los-conciertos-del-primavera-club-en-el-mercat-de-les-flors\/","title":{"rendered":"Cancelados los conciertos del Primavera Club en el Mercat de les Flors"},"content":{"rendered":"<p>Como consecuencia de las\u00a0obras de mejora del equipamiento realizadas durante los \u00faltims a\u00f1os en el Mercat de les Flors el espacio no dispone del permiso para acoger actividades externas a la programaci\u00f3n habitual del Mercat y que requieren\u00a0de un aforo extraordinario.<\/p>\n","protected":false},"excerpt":{"rendered":"<p>Como consecuencia de las\u00a0obras de mejora del equipamiento realizadas durante [&hellip;]<\/p>\n","protected":false},"author":1,"featured_media":0,"comment_status":"open","ping_status":"open","sticky":false,"template":"","format":"standard","meta":[],"categories":[16],"tags":[],"_links":{"self":[{"href":"https:\/\/old.mercatflors.cat\/es\/wp-json\/wp\/v2\/posts\/4387\/"}],"collection":[{"href":"https:\/\/old.mercatflors.cat\/es\/wp-json\/wp\/v2\/posts\/"}],"about":[{"href":"https:\/\/old.mercatflors.cat\/es\/wp-json\/wp\/v2\/types\/post\/"}],"author":[{"embeddable":true,"href":"https:\/\/old.mercatflors.cat\/es\/wp-json\/wp\/v2\/users\/1\/"}],"replies":[{"embeddable":true,"href":"https:\/\/old.mercatflors.cat\/es\/wp-json\/wp\/v2\/comments\/?post=4387"}],"version-history":[{"count":0,"href":"https:\/\/old.mercatflors.cat\/es\/wp-json\/wp\/v2\/posts\/4387\/revisions\/"}],"wp:attachment":[{"href":"https:\/\/old.mercatflors.cat\/es\/wp-json\/wp\/v2\/media\/?parent=4387"}],"wp:term":[{"taxonomy":"category","embeddable":true,"href":"https:\/\/old.mercatflors.cat\/es\/wp-json\/wp\/v2\/categories\/?post=4387"},{"taxonomy":"post_tag","embeddable":true,"href":"https:\/\/old.mercatflors.cat\/es\/wp-json\/wp\/v2\/tags\/?post=4387"}],"curies":[{"name":"wp","href":"https:\/\/api.w.org\/{rel}","templated":true}]}}