{"id":43978,"date":"2019-09-09T14:40:29","date_gmt":"2019-09-09T13:40:29","guid":{"rendered":"https:\/\/old.mercatflors.cat\/?p=43978"},"modified":"2019-09-26T16:09:23","modified_gmt":"2019-09-26T15:09:23","slug":"convocatoria-para-seleccionar-al-coreografo-a-del-tot-dansa-2020","status":"publish","type":"post","link":"https:\/\/old.mercatflors.cat\/es\/actualidad\/convocatoria-para-seleccionar-al-coreografo-a-del-tot-dansa-2020\/","title":{"rendered":"Convocatoria para seleccionar al core\u00f3grafo\/a del TOT DANSA 2020"},"content":{"rendered":"<p>El proyecto Tot Dansa, impulsado conjuntamente por el Mercat de les Flors, el Institut del Teatre y el Institut Municipal de Educaci\u00f3n del Ayuntamiento de Barcelona, quiere promover entre los j\u00f3venes la danza de creaci\u00f3n contempor\u00e1nea para motivar en ellos la expresi\u00f3n art\u00edstica; est\u00e1 dirigido a los centros de educaci\u00f3n secundaria y de bachillerato de Barcelona.<\/p>\n<p>El proyecto tambi\u00e9n incluye la participaci\u00f3n de las Escuelas Municipales de M\u00fasica de Barcelona, que adaptan la m\u00fasica para cada edici\u00f3n y que la interpretan en vivo el d\u00eda de la muestra. El programa se presenta como una herramienta educativa y de formaci\u00f3n para el profesorado y sobre todo como una vivencia y experiencia positiva, tanto personal como colectiva, para el alumnado adolescente.<\/p>\n<p>Durante todo el a\u00f1o, el core\u00f3grafo seleccionado se hace cargo de la formaci\u00f3n del profesorado, del proceso de creaci\u00f3n y de la direcci\u00f3n de la muestra, que tendr\u00e1 lugar el 20 de mayo de 2020 en el Mercat de les Flors. La pasada temporada dirigi\u00f3 el Tot Dansa 2019 la core\u00f3grafa y performer S\u00f2nia G\u00f3mez, y participaron 120 de ESO y bachillerato, adem\u00e1s de 30 j\u00f3venes de la Escuela Municipal de M\u00fasica Eixample \u2013 Joan Manuel Serrat.<\/p>\n<p><em>El plazo de presentaci\u00f3n de propuestas acaba el 25 de septiembre. <\/em>El lugar de presentaci\u00f3n ser\u00e1 el Registro del Mercat de les Flors, en la calle Lleida n\u00fam. 59, 08004 Barcelona, con horario de lunes a viernes de 9:00 a 14:00 horas.<\/p>\n<p><a href=\"https:\/\/old.mercatflors.cat\/wp-content\/uploads\/2019\/09\/Bases_Concurs_Direcci%C3%B3_Coreogr%C3%A0fica_TOTDANSA_2020.pdf\"><strong><span style=\"color: #3366ff;\">Puedes descargar las bases aqu\u00ed<\/span><\/strong><\/a><\/p>\n","protected":false},"excerpt":{"rendered":"<p>El proyecto Tot Dansa, impulsado conjuntamente por el Mercat de [&hellip;]<\/p>\n","protected":false},"author":1,"featured_media":0,"comment_status":"open","ping_status":"open","sticky":false,"template":"","format":"standard","meta":[],"categories":[16],"tags":[],"_links":{"self":[{"href":"https:\/\/old.mercatflors.cat\/es\/wp-json\/wp\/v2\/posts\/43978\/"}],"collection":[{"href":"https:\/\/old.mercatflors.cat\/es\/wp-json\/wp\/v2\/posts\/"}],"about":[{"href":"https:\/\/old.mercatflors.cat\/es\/wp-json\/wp\/v2\/types\/post\/"}],"author":[{"embeddable":true,"href":"https:\/\/old.mercatflors.cat\/es\/wp-json\/wp\/v2\/users\/1\/"}],"replies":[{"embeddable":true,"href":"https:\/\/old.mercatflors.cat\/es\/wp-json\/wp\/v2\/comments\/?post=43978"}],"version-history":[{"count":0,"href":"https:\/\/old.mercatflors.cat\/es\/wp-json\/wp\/v2\/posts\/43978\/revisions\/"}],"wp:attachment":[{"href":"https:\/\/old.mercatflors.cat\/es\/wp-json\/wp\/v2\/media\/?parent=43978"}],"wp:term":[{"taxonomy":"category","embeddable":true,"href":"https:\/\/old.mercatflors.cat\/es\/wp-json\/wp\/v2\/categories\/?post=43978"},{"taxonomy":"post_tag","embeddable":true,"href":"https:\/\/old.mercatflors.cat\/es\/wp-json\/wp\/v2\/tags\/?post=43978"}],"curies":[{"name":"wp","href":"https:\/\/api.w.org\/{rel}","templated":true}]}}