{"id":44134,"date":"2019-09-26T15:03:14","date_gmt":"2019-09-26T14:03:14","guid":{"rendered":"https:\/\/old.mercatflors.cat\/?p=44134"},"modified":"2021-04-12T22:05:53","modified_gmt":"2021-04-12T21:05:53","slug":"la-solea-el-bar-restaurant-del-mercat-de-les-flors-amplia-su-horario","status":"publish","type":"post","link":"https:\/\/old.mercatflors.cat\/es\/actualidad\/la-solea-el-bar-restaurant-del-mercat-de-les-flors-amplia-su-horario\/","title":{"rendered":"La Sole\u00e1, el bar-restaurant del Mercat de les Flors, ampl\u00eda su horario"},"content":{"rendered":"<p>Esta temporada, a partir del mes de octubre, La Sole\u00e0 abrir\u00e1 todos los jueves y viernes a partir de las 10 h y hasta las 16 h. Se ofrecer\u00e1n desayunos (bocadillos, tostadas, dulces&#8230;) y para comer se podr\u00e1 escoger entre varios platos del d\u00eda. Adem\u00e1s La Sole\u00e1 mantendr\u00e1 su horario habitual, abriendo 1 hora y media antes de cada funci\u00f3n.<\/p>\n","protected":false},"excerpt":{"rendered":"<p>Esta temporada, a partir del mes de octubre, La Sole\u00e0 [&hellip;]<\/p>\n","protected":false},"author":1,"featured_media":0,"comment_status":"open","ping_status":"open","sticky":false,"template":"","format":"standard","meta":[],"categories":[16],"tags":[],"_links":{"self":[{"href":"https:\/\/old.mercatflors.cat\/es\/wp-json\/wp\/v2\/posts\/44134\/"}],"collection":[{"href":"https:\/\/old.mercatflors.cat\/es\/wp-json\/wp\/v2\/posts\/"}],"about":[{"href":"https:\/\/old.mercatflors.cat\/es\/wp-json\/wp\/v2\/types\/post\/"}],"author":[{"embeddable":true,"href":"https:\/\/old.mercatflors.cat\/es\/wp-json\/wp\/v2\/users\/1\/"}],"replies":[{"embeddable":true,"href":"https:\/\/old.mercatflors.cat\/es\/wp-json\/wp\/v2\/comments\/?post=44134"}],"version-history":[{"count":0,"href":"https:\/\/old.mercatflors.cat\/es\/wp-json\/wp\/v2\/posts\/44134\/revisions\/"}],"wp:attachment":[{"href":"https:\/\/old.mercatflors.cat\/es\/wp-json\/wp\/v2\/media\/?parent=44134"}],"wp:term":[{"taxonomy":"category","embeddable":true,"href":"https:\/\/old.mercatflors.cat\/es\/wp-json\/wp\/v2\/categories\/?post=44134"},{"taxonomy":"post_tag","embeddable":true,"href":"https:\/\/old.mercatflors.cat\/es\/wp-json\/wp\/v2\/tags\/?post=44134"}],"curies":[{"name":"wp","href":"https:\/\/api.w.org\/{rel}","templated":true}]}}