{"id":44156,"date":"2019-09-26T16:05:02","date_gmt":"2019-09-26T15:05:02","guid":{"rendered":"https:\/\/old.mercatflors.cat\/?p=44156"},"modified":"2020-03-17T12:14:59","modified_gmt":"2020-03-17T11:14:59","slug":"nueva-temporada-del-ciclo-per-amor-a-les-arts","status":"publish","type":"post","link":"https:\/\/old.mercatflors.cat\/es\/actualidad\/nueva-temporada-del-ciclo-per-amor-a-les-arts\/","title":{"rendered":"Nueva temporada del ciclo Per amor a les Arts"},"content":{"rendered":"<p>Cuarta edici\u00f3n de la iniciativa <em>Per amor a les arts<\/em>, un ciclo en el que el cine dialoga con otras disciplinas que pusieron en marcha la Filmoteca de Catalunya y el Museu Nacional d\u2019Art de Catalunya. La programaci\u00f3n semanal consiste en una proyecci\u00f3n de un film que relacione el mundo del cine y del arte, precedida de una introducci\u00f3n a cargo de un experto. El Mercat de les Flors participa en aquest cicle juntament amb altres centres culturas: L\u2019Auditori, la Fundaci\u00f3 Mies van der Rohe, el Gran Teatre del Liceu, la Instituci\u00f3 de les Lletres Catalanes, el Palau de la M\u00fasica Catalana, el Servei de Biblioteques de la Generalitat de Catalunya, el Teatre Lliure, el Teatre Nacional de Catalunya, la Fundaci\u00f3 Joan Mir\u00f3 i el FAD (Foment de les Arts Decoratives) con el Museo del Dise\u00f1o.<\/p>\n<p>Esta nueva edici\u00f3n empezar\u00e1 el 1 de octubre y acabar\u00e1 el 9 de junio de 2020, con 36 pel\u00b7l\u00edcules. Todas les sesiones del ciclo <em>Per amor a les Arts <\/em>tienen lugar en la sede de la Filmoteca los martes a las 17.00 h, con presentaciones a cargo de artistas y expertos en las disciplinas correspondientes. Los films tienen una segunda proyecci\u00f3n (sin presentaci\u00f3n), y los amigos y abonados de las instituciones colaboradoras pueden adquirir entradas a precio reducido.<\/p>\n<p>El curso 2018\/2019 de <em>Per amor a les Arts<\/em> se cerr\u00f3 con 7.831 asistentes, mil m\u00e1s que el anterior. La media de asistencia de las sesenta sesiones programadas fue de 130 espectadores, un 20% m\u00e1s que la media global de la Filmoteca el a\u00f1o pasado.<\/p>\n<p>El Mercat de les Flors participa con dos pel\u00edculas: <em>Rize<\/em>, de David LaChapelle (2005) que podr\u00e1 verse el 22 de octubre, y <em>Suspiria<\/em>, de Luca Guadagnino (2018), en la Filmoteca el 14 de abril.<\/p>\n<p>Programa de <em>Per amor a les Arts <\/em>2019\/2020 <a href=\"https:\/\/www.filmoteca.cat\/web\/sites\/default\/files\/2019-09\/Programa%20Per%20amor%202019_F4_BR.pdf\"><strong>AQU\u00cd<\/strong><\/a><\/p>\n<p>M\u00e1s informaci\u00f3n de la programaci\u00f3n de <em>Per amor a les Arts <\/em>2019\/2020 <a href=\"https:\/\/www.filmoteca.cat\/web\/ca\/cicle\/amor-les-arts-0\"><strong>AQU\u00cd<\/strong><\/a><\/p>\n","protected":false},"excerpt":{"rendered":"<p>Cuarta edici\u00f3n de la iniciativa Per amor a les arts, [&hellip;]<\/p>\n","protected":false},"author":1,"featured_media":0,"comment_status":"open","ping_status":"open","sticky":false,"template":"","format":"standard","meta":[],"categories":[16],"tags":[],"_links":{"self":[{"href":"https:\/\/old.mercatflors.cat\/es\/wp-json\/wp\/v2\/posts\/44156\/"}],"collection":[{"href":"https:\/\/old.mercatflors.cat\/es\/wp-json\/wp\/v2\/posts\/"}],"about":[{"href":"https:\/\/old.mercatflors.cat\/es\/wp-json\/wp\/v2\/types\/post\/"}],"author":[{"embeddable":true,"href":"https:\/\/old.mercatflors.cat\/es\/wp-json\/wp\/v2\/users\/1\/"}],"replies":[{"embeddable":true,"href":"https:\/\/old.mercatflors.cat\/es\/wp-json\/wp\/v2\/comments\/?post=44156"}],"version-history":[{"count":0,"href":"https:\/\/old.mercatflors.cat\/es\/wp-json\/wp\/v2\/posts\/44156\/revisions\/"}],"wp:attachment":[{"href":"https:\/\/old.mercatflors.cat\/es\/wp-json\/wp\/v2\/media\/?parent=44156"}],"wp:term":[{"taxonomy":"category","embeddable":true,"href":"https:\/\/old.mercatflors.cat\/es\/wp-json\/wp\/v2\/categories\/?post=44156"},{"taxonomy":"post_tag","embeddable":true,"href":"https:\/\/old.mercatflors.cat\/es\/wp-json\/wp\/v2\/tags\/?post=44156"}],"curies":[{"name":"wp","href":"https:\/\/api.w.org\/{rel}","templated":true}]}}