{"id":4440,"date":"2012-11-28T12:05:23","date_gmt":"2012-11-28T12:05:23","guid":{"rendered":"https:\/\/old.mercatflors.cat\/?p=4440"},"modified":"2012-12-18T10:30:42","modified_gmt":"2012-12-18T10:30:42","slug":"clase-magistral-de-coreografia-a-cargo-de-cesc-gelabert","status":"publish","type":"post","link":"https:\/\/old.mercatflors.cat\/es\/actualidad\/clase-magistral-de-coreografia-a-cargo-de-cesc-gelabert\/","title":{"rendered":"Clase magistral de coreograf\u00eda a cargo de Cesc Gelabert"},"content":{"rendered":"<p>El 17 de diciembre el Mercat de les Flors acoger\u00e1 la clase magistral de coreograf\u00eda a cargo de Cesc Gelabert organizada por la Fundaci\u00f3n Autor. La sesi\u00f3n va dirigida a estudiantes de danza de nivel avanzado que est\u00e9n interesados en conocer de primera mano el trabajo y la experiencia del core\u00f3grafo y bailar\u00edn.<\/p>\n<p>Cesc Gelabert impartir\u00e1 una clase magistral de una sola sesi\u00f3n, donde los participantes podr\u00e1n ejecutar y analizar fragmentos de las obras del profesor. Para m\u00e1s informaci\u00f3n, horarios y precios, haz click <a href=\"http:\/\/www.sgae.es\/recursos\/boletines\/2012\/noviembre\/Cesc_Gelabert_Catalunya\/MASTERCLASS_CESC_GELABERT_desembre_2012.pdf\" target=\"_blank\"><strong>AQU\u00cd<\/strong> <\/a>y para inscribirte <a href=\"http:\/\/www.teenvio.com\/v3\/estadisticas\/link.php?id=6&amp;id_c=sgae&amp;id_envio=1060&amp;id_contacto=95238&amp;key=26bf4912d9f05f756a78e4207510f15b\" target=\"_blank\"><strong>AQU\u00cd<\/strong><\/a>.<\/p>\n<p>Para participar o tener m\u00e1s informaci\u00f3n, env\u00eda un e-mail a <a href=\"mailto:pchuecal@sgae.es\" target=\"_blank\">pchuecal@sgae.es<\/a> o a trav\u00e9s del tel\u00e9fono 93 268 90 00 (extensi\u00f3n 2204).<\/p>\n","protected":false},"excerpt":{"rendered":"<p>El 17 de diciembre el Mercat de les Flors acoger\u00e1 [&hellip;]<\/p>\n","protected":false},"author":1,"featured_media":0,"comment_status":"open","ping_status":"open","sticky":false,"template":"","format":"standard","meta":[],"categories":[16],"tags":[],"_links":{"self":[{"href":"https:\/\/old.mercatflors.cat\/es\/wp-json\/wp\/v2\/posts\/4440\/"}],"collection":[{"href":"https:\/\/old.mercatflors.cat\/es\/wp-json\/wp\/v2\/posts\/"}],"about":[{"href":"https:\/\/old.mercatflors.cat\/es\/wp-json\/wp\/v2\/types\/post\/"}],"author":[{"embeddable":true,"href":"https:\/\/old.mercatflors.cat\/es\/wp-json\/wp\/v2\/users\/1\/"}],"replies":[{"embeddable":true,"href":"https:\/\/old.mercatflors.cat\/es\/wp-json\/wp\/v2\/comments\/?post=4440"}],"version-history":[{"count":0,"href":"https:\/\/old.mercatflors.cat\/es\/wp-json\/wp\/v2\/posts\/4440\/revisions\/"}],"wp:attachment":[{"href":"https:\/\/old.mercatflors.cat\/es\/wp-json\/wp\/v2\/media\/?parent=4440"}],"wp:term":[{"taxonomy":"category","embeddable":true,"href":"https:\/\/old.mercatflors.cat\/es\/wp-json\/wp\/v2\/categories\/?post=4440"},{"taxonomy":"post_tag","embeddable":true,"href":"https:\/\/old.mercatflors.cat\/es\/wp-json\/wp\/v2\/tags\/?post=4440"}],"curies":[{"name":"wp","href":"https:\/\/api.w.org\/{rel}","templated":true}]}}