{"id":44667,"date":"2019-10-15T09:36:06","date_gmt":"2019-10-15T08:36:06","guid":{"rendered":"https:\/\/old.mercatflors.cat\/?p=44667"},"modified":"2021-04-12T22:05:16","modified_gmt":"2021-04-12T21:05:16","slug":"manifiesto-con-motivo-de-la-sentencia-del-proces","status":"publish","type":"post","link":"https:\/\/old.mercatflors.cat\/es\/general-es\/manifiesto-con-motivo-de-la-sentencia-del-proces\/","title":{"rendered":"MANIFIESTO CON MOTIVO DE LA SENTENCIA DEL PROC\u00c9S"},"content":{"rendered":"<p>Nuestra estructura, que se dedica a la cultura, presenta y representa la diversidad de pensamiento y de pluralidad cultural del siglo XXI. Desde un lugar como este, creemos que ni la c\u00e1rcel ni la represi\u00f3n son soluciones a los conflictos pol\u00edticos, pues pensamos que los conflictos solamente pueden resolverse dialogando, mediante la palabra, la escucha y el respeto. La libertad de expresi\u00f3n, la aceptaci\u00f3n de la disidencia y la resoluci\u00f3n de conflictos con el di\u00e1logo son la manera de convivir en una sociedad. Cuando la soluci\u00f3n es la c\u00e1rcel, la represi\u00f3n, ignorar los conflictos o privar la libertad de expresi\u00f3n, estamos debilitando nuestra sociedad.<\/p>\n<p>Lamentamos profundamente la sentencia del Proc\u00e9s y pedimos a los l\u00edderes pol\u00edticos que dialoguen, dado que el conflicto ni ha acabado ni se ha resuelto.<\/p>\n<p>Queremos manifestar nuestro apoyo y solidaridad con las personas que est\u00e1n privadas de libertad y sus familias.<\/p>\n<p><strong>La direcci\u00f3n y los trabajadores del Mercat de les Flors<\/strong><\/p>\n<p>&nbsp;<\/p>\n","protected":false},"excerpt":{"rendered":"<p>Nuestra estructura, que se dedica a la cultura, presenta y [&hellip;]<\/p>\n","protected":false},"author":1,"featured_media":0,"comment_status":"open","ping_status":"open","sticky":false,"template":"","format":"standard","meta":[],"categories":[16,4],"tags":[],"_links":{"self":[{"href":"https:\/\/old.mercatflors.cat\/es\/wp-json\/wp\/v2\/posts\/44667\/"}],"collection":[{"href":"https:\/\/old.mercatflors.cat\/es\/wp-json\/wp\/v2\/posts\/"}],"about":[{"href":"https:\/\/old.mercatflors.cat\/es\/wp-json\/wp\/v2\/types\/post\/"}],"author":[{"embeddable":true,"href":"https:\/\/old.mercatflors.cat\/es\/wp-json\/wp\/v2\/users\/1\/"}],"replies":[{"embeddable":true,"href":"https:\/\/old.mercatflors.cat\/es\/wp-json\/wp\/v2\/comments\/?post=44667"}],"version-history":[{"count":0,"href":"https:\/\/old.mercatflors.cat\/es\/wp-json\/wp\/v2\/posts\/44667\/revisions\/"}],"wp:attachment":[{"href":"https:\/\/old.mercatflors.cat\/es\/wp-json\/wp\/v2\/media\/?parent=44667"}],"wp:term":[{"taxonomy":"category","embeddable":true,"href":"https:\/\/old.mercatflors.cat\/es\/wp-json\/wp\/v2\/categories\/?post=44667"},{"taxonomy":"post_tag","embeddable":true,"href":"https:\/\/old.mercatflors.cat\/es\/wp-json\/wp\/v2\/tags\/?post=44667"}],"curies":[{"name":"wp","href":"https:\/\/api.w.org\/{rel}","templated":true}]}}