{"id":44751,"date":"2019-10-18T11:51:58","date_gmt":"2019-10-18T10:51:58","guid":{"rendered":"https:\/\/old.mercatflors.cat\/?p=44751"},"modified":"2020-10-08T13:16:02","modified_gmt":"2020-10-08T12:16:02","slug":"comunicado-viernes-18-de-octubre","status":"publish","type":"post","link":"https:\/\/old.mercatflors.cat\/es\/actualidad\/comunicado-viernes-18-de-octubre\/","title":{"rendered":"Comunicado viernes 18 de octubre"},"content":{"rendered":"<p><span class=\"s1\">A causa de la adhesi\u00f3n del conjunto de los trabajadores del Mercat de les Flors a la huelga convocada para el d\u00eda de hoy, 18 de octubre de 2019, la funci\u00f3n que hab\u00eda prevista para esta noche en nuestro teatro ha sido cancelada. Los espectadores que tengan entrada para hoy podr\u00e1n canjearla ma\u00f1ana s\u00e1bado o el domingo directamente en taquilla, o pedir la devoluci\u00f3n del importe escribiendo a publics@mercatflors.cat<\/span><\/p>\n","protected":false},"excerpt":{"rendered":"<p>A causa de la adhesi\u00f3n del conjunto de los trabajadores [&hellip;]<\/p>\n","protected":false},"author":1,"featured_media":0,"comment_status":"open","ping_status":"open","sticky":false,"template":"","format":"standard","meta":[],"categories":[16],"tags":[],"_links":{"self":[{"href":"https:\/\/old.mercatflors.cat\/es\/wp-json\/wp\/v2\/posts\/44751\/"}],"collection":[{"href":"https:\/\/old.mercatflors.cat\/es\/wp-json\/wp\/v2\/posts\/"}],"about":[{"href":"https:\/\/old.mercatflors.cat\/es\/wp-json\/wp\/v2\/types\/post\/"}],"author":[{"embeddable":true,"href":"https:\/\/old.mercatflors.cat\/es\/wp-json\/wp\/v2\/users\/1\/"}],"replies":[{"embeddable":true,"href":"https:\/\/old.mercatflors.cat\/es\/wp-json\/wp\/v2\/comments\/?post=44751"}],"version-history":[{"count":0,"href":"https:\/\/old.mercatflors.cat\/es\/wp-json\/wp\/v2\/posts\/44751\/revisions\/"}],"wp:attachment":[{"href":"https:\/\/old.mercatflors.cat\/es\/wp-json\/wp\/v2\/media\/?parent=44751"}],"wp:term":[{"taxonomy":"category","embeddable":true,"href":"https:\/\/old.mercatflors.cat\/es\/wp-json\/wp\/v2\/categories\/?post=44751"},{"taxonomy":"post_tag","embeddable":true,"href":"https:\/\/old.mercatflors.cat\/es\/wp-json\/wp\/v2\/tags\/?post=44751"}],"curies":[{"name":"wp","href":"https:\/\/api.w.org\/{rel}","templated":true}]}}