{"id":44760,"date":"2019-10-22T11:04:32","date_gmt":"2019-10-22T10:04:32","guid":{"rendered":"https:\/\/old.mercatflors.cat\/?p=44760"},"modified":"2019-10-22T11:04:32","modified_gmt":"2019-10-22T10:04:32","slug":"mario-garcia-saez-coreografo-seleccionado-pel-tot-dansa-2020","status":"publish","type":"post","link":"https:\/\/old.mercatflors.cat\/es\/actualidad\/mario-garcia-saez-coreografo-seleccionado-pel-tot-dansa-2020\/","title":{"rendered":"Mario Garc\u00eda S\u00e1ez, core\u00f3grafo seleccionado pel TOT DANSA 2020"},"content":{"rendered":"<p>El core\u00f3grafo Mario Garc\u00eda S\u00e1ez ha sido seleccionado por la direcci\u00f3n art\u00edstica de TOT DANSA 2020 con la propuesta <em>Celebraci\u00f3. Els diumenges de la vida (Celebraci\u00f3n. Los domingos de la vida)<\/em>.\u00a0\u00a0El jurado la ha seleccionado \u201c<em>por el inter\u00e9s de la tem\u00e1tica de la propuesta y sus posibilidades de aplicaci\u00f3n en el contexto pedag\u00f3gico y art\u00edstico del Tot Dansa. Al mismo tiempo, se valora positivamente c\u00f3mo expone las estrategias de aproximaci\u00f3n, a trav\u00e9s de la danza, a los j\u00f3venes alumnos en el lenguaje de las artes esc\u00e9nicas. El creador merita igualmente por una trayectoria notable como core\u00f3grafo, int\u00e9rprete y director art\u00edstico\u201d.\u00a0<\/em><\/p>\n<p>Mario G. S\u00e1ez es miembro cofundador, core\u00f3grafo e int\u00e9rprete del colectivo Erre que erre, con la que ha conseguido varios premios de coreograf\u00eda, realizado producciones esc\u00e9nicas y pel\u00edculas de danza desde su fundaci\u00f3n en 1996. Actualmente colabora como int\u00e9rprete en diferentes proyectos, como K Danse (Toulouse), Cia Sebasti\u00e1n Garc\u00eda Ferro (Barcelona), Ravid Abarbanel (Tel Aviv) o Albert Quesada (Barcelona), entre otras colaboraciones interdisciplinares para dar lugar a nuevos formatos esc\u00e9nicos.<\/p>\n<p>El proyecto Tot Dansa, impulsado conjuntamente por el Mercat de les Flors, el Institut del Teatre y el Instituto Municipal de Educaci\u00f3n del Ayuntamiento de Barcelona, quiere promocionar entre los j\u00f3venes la danza de creaci\u00f3n contempor\u00e1nea para motivar a la juventud en la expresi\u00f3n art\u00edstica; est\u00e1 dirigido a los centros de educaci\u00f3n secundaria y de bachillerato de Barcelona.<\/p>\n<p>El proyecto tambi\u00e9n incluye la participaci\u00f3n de las Escuelas Municipales de M\u00fasica de Barcelona, que adaptan la m\u00fasica para cada edici\u00f3n y que la interpretan en vivo el d\u00eda de la muestra.<\/p>\n<p>&nbsp;<\/p>\n<p>&nbsp;<\/p>\n","protected":false},"excerpt":{"rendered":"<p>El core\u00f3grafo Mario Garc\u00eda S\u00e1ez ha sido seleccionado por la [&hellip;]<\/p>\n","protected":false},"author":1,"featured_media":0,"comment_status":"open","ping_status":"open","sticky":false,"template":"","format":"standard","meta":[],"categories":[16],"tags":[],"_links":{"self":[{"href":"https:\/\/old.mercatflors.cat\/es\/wp-json\/wp\/v2\/posts\/44760\/"}],"collection":[{"href":"https:\/\/old.mercatflors.cat\/es\/wp-json\/wp\/v2\/posts\/"}],"about":[{"href":"https:\/\/old.mercatflors.cat\/es\/wp-json\/wp\/v2\/types\/post\/"}],"author":[{"embeddable":true,"href":"https:\/\/old.mercatflors.cat\/es\/wp-json\/wp\/v2\/users\/1\/"}],"replies":[{"embeddable":true,"href":"https:\/\/old.mercatflors.cat\/es\/wp-json\/wp\/v2\/comments\/?post=44760"}],"version-history":[{"count":0,"href":"https:\/\/old.mercatflors.cat\/es\/wp-json\/wp\/v2\/posts\/44760\/revisions\/"}],"wp:attachment":[{"href":"https:\/\/old.mercatflors.cat\/es\/wp-json\/wp\/v2\/media\/?parent=44760"}],"wp:term":[{"taxonomy":"category","embeddable":true,"href":"https:\/\/old.mercatflors.cat\/es\/wp-json\/wp\/v2\/categories\/?post=44760"},{"taxonomy":"post_tag","embeddable":true,"href":"https:\/\/old.mercatflors.cat\/es\/wp-json\/wp\/v2\/tags\/?post=44760"}],"curies":[{"name":"wp","href":"https:\/\/api.w.org\/{rel}","templated":true}]}}