{"id":44764,"date":"2019-10-22T11:46:59","date_gmt":"2019-10-22T10:46:59","guid":{"rendered":"https:\/\/old.mercatflors.cat\/?p=44764"},"modified":"2019-10-22T11:46:59","modified_gmt":"2019-10-22T10:46:59","slug":"empieza-la-5a-semana-apropa-cultura-este-ano-dedicada-a-las-mujeres","status":"publish","type":"post","link":"https:\/\/old.mercatflors.cat\/es\/actualidad\/empieza-la-5a-semana-apropa-cultura-este-ano-dedicada-a-las-mujeres\/","title":{"rendered":"Empieza la 5\u00aa Semana Apropa Cultura, este a\u00f1o dedicada a las mujeres"},"content":{"rendered":"<p>Las mujeres en situaci\u00f3n de vulnerabilidad son el eje central de la presente edici\u00f3n de Apropa Cultura, programa que trabaja para conseguir una cultura m\u00e1s inclusiva. La semana, que se celebra del 21 al 27 de octubre, sum\u00e1ndose a los movimientos que promueven una mirada interseccional y con perspectiva de g\u00e9nero con la campa\u00f1a #totesincloses. Podemos ver un <a href=\"https:\/\/www.youtube.com\/watch?v=TaBiN0Ck-fc&amp;feature=youtu.be&amp;utm_source=newsletter&amp;utm_medium=email&amp;utm_campaign=arriba_la_5a_edicio_de_la_setmana_apropa_cultura_per_una_cultura_mes_inclusiva_del_21_al_27_doctubre_arreu_de_catalunya&amp;utm_term=2019-10-21\">V\u00cdDEO<\/a> sobre la semana.<\/p>\n<p>El Mercat forma parte del programa Apropa desde la temporada 2011-12, siendo uno de los 127 equipamientos culturales de Catalunya. Desde 2006, Apropa Cultura suma un total de 284.106 experiencias de usuarias\/os (54.904 la \u00faltima temporada), de las que m\u00e1s de 12 mil son de mujeres en situaci\u00f3n de vulnerabilidad.<\/p>\n<p><a href=\"https:\/\/www.apropacultura.cat\/es\">Apropa Cultura<\/a><\/p>\n","protected":false},"excerpt":{"rendered":"<p>Las mujeres en situaci\u00f3n de vulnerabilidad son el eje central [&hellip;]<\/p>\n","protected":false},"author":1,"featured_media":0,"comment_status":"open","ping_status":"open","sticky":false,"template":"","format":"standard","meta":[],"categories":[16],"tags":[],"_links":{"self":[{"href":"https:\/\/old.mercatflors.cat\/es\/wp-json\/wp\/v2\/posts\/44764\/"}],"collection":[{"href":"https:\/\/old.mercatflors.cat\/es\/wp-json\/wp\/v2\/posts\/"}],"about":[{"href":"https:\/\/old.mercatflors.cat\/es\/wp-json\/wp\/v2\/types\/post\/"}],"author":[{"embeddable":true,"href":"https:\/\/old.mercatflors.cat\/es\/wp-json\/wp\/v2\/users\/1\/"}],"replies":[{"embeddable":true,"href":"https:\/\/old.mercatflors.cat\/es\/wp-json\/wp\/v2\/comments\/?post=44764"}],"version-history":[{"count":0,"href":"https:\/\/old.mercatflors.cat\/es\/wp-json\/wp\/v2\/posts\/44764\/revisions\/"}],"wp:attachment":[{"href":"https:\/\/old.mercatflors.cat\/es\/wp-json\/wp\/v2\/media\/?parent=44764"}],"wp:term":[{"taxonomy":"category","embeddable":true,"href":"https:\/\/old.mercatflors.cat\/es\/wp-json\/wp\/v2\/categories\/?post=44764"},{"taxonomy":"post_tag","embeddable":true,"href":"https:\/\/old.mercatflors.cat\/es\/wp-json\/wp\/v2\/tags\/?post=44764"}],"curies":[{"name":"wp","href":"https:\/\/api.w.org\/{rel}","templated":true}]}}