{"id":44940,"date":"2019-11-07T13:25:35","date_gmt":"2019-11-07T12:25:35","guid":{"rendered":"https:\/\/old.mercatflors.cat\/?p=44940"},"modified":"2020-03-02T16:41:02","modified_gmt":"2020-03-02T15:41:02","slug":"se-aprueban-las-bases-reguladoras-de-la-concesion-de-premios-del-mercat-de-les-flors","status":"publish","type":"post","link":"https:\/\/old.mercatflors.cat\/es\/actualidad\/se-aprueban-las-bases-reguladoras-de-la-concesion-de-premios-del-mercat-de-les-flors\/","title":{"rendered":"Se aprueban las bases reguladoras de la concesi\u00f3n de premios del Mercat de les Flors"},"content":{"rendered":"<p>El Consejo General del Consorci Mercat de les Flors, celebrado el 30 de octubre de 2019, aprov\u00f3 las bases generales reguladoras de la concesi\u00f3n de ayudas y becas (premios) del Mercat de les Flors, que se exponen a continuaci\u00f3n a efectos de dar cumplimiento al tr\u00e1mite de informaci\u00f3n publica previsto en el acuerdo de aprovaci\u00f3n del consejo.<\/p>\n<p><a href=\"https:\/\/old.mercatflors.cat\/wp-content\/uploads\/2019\/11\/Aprovaci\u00f3-Bases-generals-reguladores-concessi\u00f3-ajuts-i-beques-Exp.F19-278.pdf\">Las bases<\/a><\/p>\n<p>&nbsp;<\/p>\n","protected":false},"excerpt":{"rendered":"<p>El Consejo General del Consorci Mercat de les Flors, celebrado [&hellip;]<\/p>\n","protected":false},"author":1,"featured_media":0,"comment_status":"open","ping_status":"open","sticky":false,"template":"","format":"standard","meta":[],"categories":[16],"tags":[],"_links":{"self":[{"href":"https:\/\/old.mercatflors.cat\/es\/wp-json\/wp\/v2\/posts\/44940\/"}],"collection":[{"href":"https:\/\/old.mercatflors.cat\/es\/wp-json\/wp\/v2\/posts\/"}],"about":[{"href":"https:\/\/old.mercatflors.cat\/es\/wp-json\/wp\/v2\/types\/post\/"}],"author":[{"embeddable":true,"href":"https:\/\/old.mercatflors.cat\/es\/wp-json\/wp\/v2\/users\/1\/"}],"replies":[{"embeddable":true,"href":"https:\/\/old.mercatflors.cat\/es\/wp-json\/wp\/v2\/comments\/?post=44940"}],"version-history":[{"count":0,"href":"https:\/\/old.mercatflors.cat\/es\/wp-json\/wp\/v2\/posts\/44940\/revisions\/"}],"wp:attachment":[{"href":"https:\/\/old.mercatflors.cat\/es\/wp-json\/wp\/v2\/media\/?parent=44940"}],"wp:term":[{"taxonomy":"category","embeddable":true,"href":"https:\/\/old.mercatflors.cat\/es\/wp-json\/wp\/v2\/categories\/?post=44940"},{"taxonomy":"post_tag","embeddable":true,"href":"https:\/\/old.mercatflors.cat\/es\/wp-json\/wp\/v2\/tags\/?post=44940"}],"curies":[{"name":"wp","href":"https:\/\/api.w.org\/{rel}","templated":true}]}}