{"id":44946,"date":"2019-11-07T16:29:00","date_gmt":"2019-11-07T15:29:00","guid":{"rendered":"https:\/\/old.mercatflors.cat\/?p=44946"},"modified":"2020-01-21T17:56:24","modified_gmt":"2020-01-21T16:56:24","slug":"el-mercat-participa-en-el-festival-intemperie-de-la-fundacion-arrels","status":"publish","type":"post","link":"https:\/\/old.mercatflors.cat\/es\/general-es\/el-mercat-participa-en-el-festival-intemperie-de-la-fundacion-arrels\/","title":{"rendered":"El Mercat participa en el Festival Intemp\u00e8rie, de la Fundaci\u00f3n Arrels"},"content":{"rendered":"<p>El s\u00e1bado 23 de noviembre se proyectar\u00e1 en el Mercat el documental <em>Barricidi<\/em>, en el que se muestra el proceso de creaci\u00f3n comunitaria del espect\u00e1culo con el mismo nombre. Se trata de un espect\u00e1culo deambulante llevado a cabo en el barrio del Poble Sec que quiere acercar a las personas espectadoras la realidad de la gentrificaci\u00f3n.<\/p>\n<p>Este trabajo ha sido impulsado por el programa municipal de arte comunitario Art i Part y ha sido desarrollado por un grupo de trabajo de la Mesa de cultura comunitaria del Poble Sec, implicando al vecindario y a colectivos que est\u00e1n sufriendo directa o indirectamente las consecuencias de la gentrificaci\u00f3n del barrio.<\/p>\n<p>El documental, producido por Trama SCCL y dirigido por Guillem Almirall, ser\u00e1 presentado y moderado por Marta Pal\u00e8ncia, de Trama SCCL, y Jordi P\u00e9rez, de la compa\u00f1\u00eda Sargantana y codirector de <em>Barricidi<\/em>.\u00a0\u00a0Posteriormente a la proyecci\u00f3n tendr\u00e1 lugar un debate. El acceso es gratuito con un aforo limitado a 70 personas.<\/p>\n<p>Esta actividad se enmarca dentro de los actos que tendr\u00e1n lugar en el Festival Intemp\u00e8rie el 23 de noviembre en Barcelona, un encuentro de m\u00fasica, espect\u00e1culos y experiencias que organiza la Fundaci\u00f3n Arrels para sensibilizar a la ciudadan\u00eda e implicarla para que nadie tanga que vivir en la calle. El festival transcurrir\u00e1 en la plaza Margarida Xirgu, empezando a las 16h y terminando el d\u00eda siguiente cuando salgael sol. Itaca Band, The Penguins y Cesk Freixas son algunos de los artistas que participar\u00e1n. <span style=\"color: #0000ff;\"><strong>\u00a1<a style=\"color: #0000ff;\" href=\"https:\/\/intemperie.org\/ca\">Reserva tu entrada<\/a>!<\/strong><\/span><\/p>\n<p><a href=\"https:\/\/www.arrelsfundacio.org\/vine-a-intemperie\/\"><strong>El festival<\/strong><\/a><\/p>\n<p><a href=\"https:\/\/www.barcelona.cat\/districtecultural\/ca\/projectes\/temporada-2-poble-sec\"><strong>Art i Part Poble Sec<\/strong><\/a><\/p>\n","protected":false},"excerpt":{"rendered":"<p>El s\u00e1bado 23 de noviembre se proyectar\u00e1 en el Mercat [&hellip;]<\/p>\n","protected":false},"author":1,"featured_media":0,"comment_status":"open","ping_status":"open","sticky":false,"template":"","format":"standard","meta":[],"categories":[16,4],"tags":[],"_links":{"self":[{"href":"https:\/\/old.mercatflors.cat\/es\/wp-json\/wp\/v2\/posts\/44946\/"}],"collection":[{"href":"https:\/\/old.mercatflors.cat\/es\/wp-json\/wp\/v2\/posts\/"}],"about":[{"href":"https:\/\/old.mercatflors.cat\/es\/wp-json\/wp\/v2\/types\/post\/"}],"author":[{"embeddable":true,"href":"https:\/\/old.mercatflors.cat\/es\/wp-json\/wp\/v2\/users\/1\/"}],"replies":[{"embeddable":true,"href":"https:\/\/old.mercatflors.cat\/es\/wp-json\/wp\/v2\/comments\/?post=44946"}],"version-history":[{"count":0,"href":"https:\/\/old.mercatflors.cat\/es\/wp-json\/wp\/v2\/posts\/44946\/revisions\/"}],"wp:attachment":[{"href":"https:\/\/old.mercatflors.cat\/es\/wp-json\/wp\/v2\/media\/?parent=44946"}],"wp:term":[{"taxonomy":"category","embeddable":true,"href":"https:\/\/old.mercatflors.cat\/es\/wp-json\/wp\/v2\/categories\/?post=44946"},{"taxonomy":"post_tag","embeddable":true,"href":"https:\/\/old.mercatflors.cat\/es\/wp-json\/wp\/v2\/tags\/?post=44946"}],"curies":[{"name":"wp","href":"https:\/\/api.w.org\/{rel}","templated":true}]}}