{"id":44987,"date":"2019-11-12T15:43:55","date_gmt":"2019-11-12T14:43:55","guid":{"rendered":"https:\/\/old.mercatflors.cat\/?p=44987"},"modified":"2020-03-02T16:40:09","modified_gmt":"2020-03-02T15:40:09","slug":"aprobado-el-presupuesto-del-consorci-mercat-de-les-flors-para-el-ejercicio-2020","status":"publish","type":"post","link":"https:\/\/old.mercatflors.cat\/es\/actualidad\/aprobado-el-presupuesto-del-consorci-mercat-de-les-flors-para-el-ejercicio-2020\/","title":{"rendered":"Aprobado el Presupuesto del Consorci Mercat de les Flors para el ejercicio 2020\u00a0"},"content":{"rendered":"<p>El Consell General del Consorci Mercat de les Flors, que se celebr\u00f3 el pasado 30 de octubre, aprob\u00f3 el Presupuesto del Mercat de les Flors para el ejercicio 2020, que se expone a continuaci\u00f3n a efectos de dar cumplimiento al tr\u00e1mite de informaci\u00f3n p\u00fablica previsto en el acuerdo de aprobaci\u00f3n del Consell<\/p>\n<p><a href=\"https:\/\/old.mercatflors.cat\/wp-content\/uploads\/2019\/11\/Expedient-Pressupost-2020-signat-1.pdf\"><span style=\"color: #0000ff;\">El presupuesto<\/span><\/a><\/p>\n","protected":false},"excerpt":{"rendered":"<p>El Consell General del Consorci Mercat de les Flors, que [&hellip;]<\/p>\n","protected":false},"author":1,"featured_media":0,"comment_status":"open","ping_status":"open","sticky":false,"template":"","format":"standard","meta":[],"categories":[16],"tags":[],"_links":{"self":[{"href":"https:\/\/old.mercatflors.cat\/es\/wp-json\/wp\/v2\/posts\/44987\/"}],"collection":[{"href":"https:\/\/old.mercatflors.cat\/es\/wp-json\/wp\/v2\/posts\/"}],"about":[{"href":"https:\/\/old.mercatflors.cat\/es\/wp-json\/wp\/v2\/types\/post\/"}],"author":[{"embeddable":true,"href":"https:\/\/old.mercatflors.cat\/es\/wp-json\/wp\/v2\/users\/1\/"}],"replies":[{"embeddable":true,"href":"https:\/\/old.mercatflors.cat\/es\/wp-json\/wp\/v2\/comments\/?post=44987"}],"version-history":[{"count":0,"href":"https:\/\/old.mercatflors.cat\/es\/wp-json\/wp\/v2\/posts\/44987\/revisions\/"}],"wp:attachment":[{"href":"https:\/\/old.mercatflors.cat\/es\/wp-json\/wp\/v2\/media\/?parent=44987"}],"wp:term":[{"taxonomy":"category","embeddable":true,"href":"https:\/\/old.mercatflors.cat\/es\/wp-json\/wp\/v2\/categories\/?post=44987"},{"taxonomy":"post_tag","embeddable":true,"href":"https:\/\/old.mercatflors.cat\/es\/wp-json\/wp\/v2\/tags\/?post=44987"}],"curies":[{"name":"wp","href":"https:\/\/api.w.org\/{rel}","templated":true}]}}