{"id":45373,"date":"2020-01-10T22:35:39","date_gmt":"2020-01-10T21:35:39","guid":{"rendered":"https:\/\/old.mercatflors.cat\/?p=45373"},"modified":"2020-03-02T16:36:41","modified_gmt":"2020-03-02T15:36:41","slug":"convocatoria-de-audicion-para-bailarines-profesionales-cellula3","status":"publish","type":"post","link":"https:\/\/old.mercatflors.cat\/es\/actualidad\/convocatoria-de-audicion-para-bailarines-profesionales-cellula3\/","title":{"rendered":"Convocatoria de audici\u00f3n para bailarines profesionales \/ C\u00c8L\u00b7LULA#3\/"},"content":{"rendered":"<p>GN | MC Guy Nader | Mari\u0301a Campos, en colaboracio\u0301n con el Mercat de les Flors, buscan bailarines profesionales de danza contempora\u0301nea con un alto nivel te\u0301cnico de trabajo de suelo y de partnering para su nueva creacio\u0301n para el an\u0303o 2020- 21. Se hara\u0301 una audicio\u0301n en el mes de marzo para participar en un LABORATORIO de trabajo en el mes de junio.<\/p>\n<p>Fecha li\u0301mite para entregar la solicitud: 31 de enero de 2020<\/p>\n<p>M\u00e1s informaci\u00f3n sobre calendarios, condiciones de contrataci\u00f3n, documentaci\u00f3n a presentar, etc. en <a href=\"https:\/\/old.mercatflors.cat\/wp-content\/uploads\/2020\/01\/Convocat\u00f2ria-audicio-GN-I-MC-CEL3-cast-DEF.pdf\"><span style=\"color: #0000ff;\">las bases de la convocatoria<\/span><\/a><\/p>\n<p><em>Esta propuesta forma parte del programa CE\u0300L\u00b7LULA# del Mercat de les Flors y cuenta con la coproduccio\u0301n del Festival Grec<\/em><\/p>\n","protected":false},"excerpt":{"rendered":"<p>GN | MC Guy Nader | Mari\u0301a Campos, en colaboracio\u0301n [&hellip;]<\/p>\n","protected":false},"author":1,"featured_media":0,"comment_status":"open","ping_status":"open","sticky":false,"template":"","format":"standard","meta":[],"categories":[16],"tags":[],"_links":{"self":[{"href":"https:\/\/old.mercatflors.cat\/es\/wp-json\/wp\/v2\/posts\/45373\/"}],"collection":[{"href":"https:\/\/old.mercatflors.cat\/es\/wp-json\/wp\/v2\/posts\/"}],"about":[{"href":"https:\/\/old.mercatflors.cat\/es\/wp-json\/wp\/v2\/types\/post\/"}],"author":[{"embeddable":true,"href":"https:\/\/old.mercatflors.cat\/es\/wp-json\/wp\/v2\/users\/1\/"}],"replies":[{"embeddable":true,"href":"https:\/\/old.mercatflors.cat\/es\/wp-json\/wp\/v2\/comments\/?post=45373"}],"version-history":[{"count":0,"href":"https:\/\/old.mercatflors.cat\/es\/wp-json\/wp\/v2\/posts\/45373\/revisions\/"}],"wp:attachment":[{"href":"https:\/\/old.mercatflors.cat\/es\/wp-json\/wp\/v2\/media\/?parent=45373"}],"wp:term":[{"taxonomy":"category","embeddable":true,"href":"https:\/\/old.mercatflors.cat\/es\/wp-json\/wp\/v2\/categories\/?post=45373"},{"taxonomy":"post_tag","embeddable":true,"href":"https:\/\/old.mercatflors.cat\/es\/wp-json\/wp\/v2\/tags\/?post=45373"}],"curies":[{"name":"wp","href":"https:\/\/api.w.org\/{rel}","templated":true}]}}