{"id":45543,"date":"2020-01-29T13:50:46","date_gmt":"2020-01-29T12:50:46","guid":{"rendered":"https:\/\/old.mercatflors.cat\/?p=45543"},"modified":"2020-03-17T12:47:44","modified_gmt":"2020-03-17T11:47:44","slug":"la-obra-set-of-sets-de-guy-nader-y-maria-campos-premio-ciutat-de-barcelona-de-danza-2019","status":"publish","type":"post","link":"https:\/\/old.mercatflors.cat\/es\/actualidad\/la-obra-set-of-sets-de-guy-nader-y-maria-campos-premio-ciutat-de-barcelona-de-danza-2019\/","title":{"rendered":"La obra Set of Sets, de Guy Nader y Maria Campos, Premio Ciutat de Barcelona de Danza 2019"},"content":{"rendered":"<p>Coproducida por el Mercat de les Flors, <em>Set of Sets<\/em> ha podido verse dos veces en este espacio con un lleno absoluto en ambas ocasiones: en abril de 2018 y en octubre de 2019. Se trata de una pieza de una gran exigencia f\u00edsica en la que sus creadores, los core\u00f3grafos Guy Nader y Maria Campos, han querido desafiar incesantemente la gravedad como una met\u00e1fora de la naturaleza primitiva de la existencia y de la idea de la persistencia.<\/p>\n<p>El jurado de la modalidad de danza de los premios Ciutat de Barcelona 2019 ha estado formado por \u00c0ngels Margarit, Bea Fern\u00e1ndez, Gast\u00f3n Core, Mariana Giustina e Irene Pallar\u00e8s y ha acordado por unanimidad otorgar el premio de danza a <em>Set of Sets<\/em> por su calidad compositiva, que cristaliza con excelencia el su trabajo de investigaci\u00f3n.<\/p>\n<p>GN|MC Guy Nader | Maria Campos colaboran juntos desde 2006. Su trabajo se ha presentado en diferentes festivales y teatros internacionales y nacionales, en pa\u00edses como Francia, B\u00e9lgica, Holanda, L\u00edbano, India y Corea del Sur, entre otros. GN|MC han sido invitados a crear para diversas compa\u00f1\u00edas europeas como EnKnapGroup en Eslovenia y Tanzmainz en Alemania. Con Tanzmainz crean en 2016 <em>Fall Seven Times, <\/em>espect\u00e1culo con el que GN|MC reciben el premio de teatro en Alemania DER FAUST 2017.<\/p>\n","protected":false},"excerpt":{"rendered":"<p>Coproducida por el Mercat de les Flors, Set of Sets [&hellip;]<\/p>\n","protected":false},"author":1,"featured_media":0,"comment_status":"open","ping_status":"open","sticky":false,"template":"","format":"standard","meta":[],"categories":[16],"tags":[],"_links":{"self":[{"href":"https:\/\/old.mercatflors.cat\/es\/wp-json\/wp\/v2\/posts\/45543\/"}],"collection":[{"href":"https:\/\/old.mercatflors.cat\/es\/wp-json\/wp\/v2\/posts\/"}],"about":[{"href":"https:\/\/old.mercatflors.cat\/es\/wp-json\/wp\/v2\/types\/post\/"}],"author":[{"embeddable":true,"href":"https:\/\/old.mercatflors.cat\/es\/wp-json\/wp\/v2\/users\/1\/"}],"replies":[{"embeddable":true,"href":"https:\/\/old.mercatflors.cat\/es\/wp-json\/wp\/v2\/comments\/?post=45543"}],"version-history":[{"count":0,"href":"https:\/\/old.mercatflors.cat\/es\/wp-json\/wp\/v2\/posts\/45543\/revisions\/"}],"wp:attachment":[{"href":"https:\/\/old.mercatflors.cat\/es\/wp-json\/wp\/v2\/media\/?parent=45543"}],"wp:term":[{"taxonomy":"category","embeddable":true,"href":"https:\/\/old.mercatflors.cat\/es\/wp-json\/wp\/v2\/categories\/?post=45543"},{"taxonomy":"post_tag","embeddable":true,"href":"https:\/\/old.mercatflors.cat\/es\/wp-json\/wp\/v2\/tags\/?post=45543"}],"curies":[{"name":"wp","href":"https:\/\/api.w.org\/{rel}","templated":true}]}}