{"id":457,"date":"2011-12-07T10:39:43","date_gmt":"2011-12-07T10:39:43","guid":{"rendered":"https:\/\/old.mercatflors.cat\/?p=457"},"modified":"2012-07-20T10:40:11","modified_gmt":"2012-07-20T10:40:11","slug":"el-certamen-coreografico-de-madrid-premia-al-coreografo-marcos-morau-la-veronal","status":"publish","type":"post","link":"https:\/\/old.mercatflors.cat\/es\/actualidad\/el-certamen-coreografico-de-madrid-premia-al-coreografo-marcos-morau-la-veronal\/","title":{"rendered":"El Certamen Coreogr\u00e1fico de Madrid premia al core\u00f3grafo Marcos Morau (La Veronal)7"},"content":{"rendered":"<p>Marcos Morau, director de la compa\u00f1\u00eda La Veronal, ha ganado el Primer Premio del vig\u00e9simo quinto Certamen Coreogr\u00e1fico de Madrid, celebrado entre el 1 y el 4 de diciembre, por la obra\u00a0<em>Moscou<\/em>.\u00a0Este premio ha sido patrocinado a trav\u00e9s de una convocatoria de mecenazgo con un total de 62 colaboradores, entre otros, antiguos premiados e instituciones como el Mercat de les Flors, la Fundaci\u00f3n AISGE y la Embajada de Israel, que han decidido contribuir en el reducido presupuesto de esta edici\u00f3n.<\/p>\n<p>El jurado, compuesto por Roberto Casarotto, Sharon Fridman, Christine Standfest, Carles Mallol y Pirjetta Mulari, tambi\u00e9n ha premiado a Marcos Morau con residencia en La Caldera, con el Premio Conservatorio Superior de Danza Mar\u00eda de \u00c1vila de Madrid y con\u00a0 el Premio de los participantes de\u00a0<em>ChoreoRoam<\/em>.<\/p>\n<p>El Mercat de les Flors celebra los premios de esta compa\u00f1\u00eda, a la que \u00a0coprodujo y estren\u00f3 el espect\u00e1culo\u00a0R\u00fassia\u00a0en febrero de 2011. La compa\u00f1\u00eda ha continuado trabajando y recibi\u00f3 el Premio San Miguel en la pasada edici\u00f3n de la Fira de T\u00e0rrega y el tercerm premio en el Festival Internacional Masdanza 2011.<\/p>\n<p><a href=\"http:\/\/www.pasoa2.com\/\" target=\"_blank\">el certamen<\/a><br \/>\n<a href=\"http:\/\/www.laveronal.com\/\" target=\"_blank\">la veronal<\/a><\/p>\n","protected":false},"excerpt":{"rendered":"<p>Marcos Morau, director de la compa\u00f1\u00eda La Veronal, ha ganado [&hellip;]<\/p>\n","protected":false},"author":1,"featured_media":0,"comment_status":"open","ping_status":"open","sticky":false,"template":"","format":"standard","meta":[],"categories":[16],"tags":[],"_links":{"self":[{"href":"https:\/\/old.mercatflors.cat\/es\/wp-json\/wp\/v2\/posts\/457\/"}],"collection":[{"href":"https:\/\/old.mercatflors.cat\/es\/wp-json\/wp\/v2\/posts\/"}],"about":[{"href":"https:\/\/old.mercatflors.cat\/es\/wp-json\/wp\/v2\/types\/post\/"}],"author":[{"embeddable":true,"href":"https:\/\/old.mercatflors.cat\/es\/wp-json\/wp\/v2\/users\/1\/"}],"replies":[{"embeddable":true,"href":"https:\/\/old.mercatflors.cat\/es\/wp-json\/wp\/v2\/comments\/?post=457"}],"version-history":[{"count":0,"href":"https:\/\/old.mercatflors.cat\/es\/wp-json\/wp\/v2\/posts\/457\/revisions\/"}],"wp:attachment":[{"href":"https:\/\/old.mercatflors.cat\/es\/wp-json\/wp\/v2\/media\/?parent=457"}],"wp:term":[{"taxonomy":"category","embeddable":true,"href":"https:\/\/old.mercatflors.cat\/es\/wp-json\/wp\/v2\/categories\/?post=457"},{"taxonomy":"post_tag","embeddable":true,"href":"https:\/\/old.mercatflors.cat\/es\/wp-json\/wp\/v2\/tags\/?post=457"}],"curies":[{"name":"wp","href":"https:\/\/api.w.org\/{rel}","templated":true}]}}