{"id":45714,"date":"2020-03-12T15:35:11","date_gmt":"2020-03-12T14:35:11","guid":{"rendered":"https:\/\/old.mercatflors.cat\/?p=45714"},"modified":"2020-09-15T08:07:01","modified_gmt":"2020-09-15T07:07:01","slug":"cancelacion-espectaculos-mercat-de-les-flors","status":"publish","type":"post","link":"https:\/\/old.mercatflors.cat\/es\/actualidad\/cancelacion-espectaculos-mercat-de-les-flors\/","title":{"rendered":"Cancelaci\u00f3n espect\u00e1culos Mercat de les Flors"},"content":{"rendered":"<p>Por razones de seguridad y de responsabilidad, y siguiendo las recomendaciones de la Generalitat de Catalunya, el Mercat de les Flors ha decidido suspender las funciones previstas para los pr\u00f3ximos d\u00edas. La primera de ellas, que se iniciaba hoy d\u00eda 12 de marzo y finalizaba el domingo 15, es el espect\u00e1culo de La Intrusa, <em>It\u2019s a wrap<\/em> <em>(Kubrick is dead).<\/em><\/p>\n<p>Tambi\u00e9n quedan suspendidas las funciones que deb\u00edan tener lugar la semana pr\u00f3xima: <em>Oscyl<\/em> (d\u00edas 20 y 21 de marzo) y <em>OCD LOVE<\/em>, de L-E-V Company que se iba a representar en el Mercat tambi\u00e9n los d\u00edas 20 y 21 de marzo y que forma parte de la programaci\u00f3n de la Quinzena Metropolitana de Dansa.<\/p>\n<p>En funci\u00f3n de c\u00f3mo se desarrollen los acontecimientos y las repercusiones de la crisis de salud p\u00fablica, se valorar\u00e1 retomar las funciones de los siguientes espect\u00e1culos el pr\u00f3ximo d\u00eda 26 de marzo.<\/p>\n<p><strong>Respecto a las entradas<\/strong><\/p>\n<p>El importe de las entradas se devolver\u00e1 a cada uno de los espectadores\u00a0lo antes posible. Si estas se adquirieron a trav\u00e9s de la web, se recibir\u00e1 autom\u00e1ticamente el reembolso del importe de la compra.\u00a0Si las entradas se adquirieron en la taquilla del Mercat o de Tiquet Rambles, hay que ponerse en contacto con el Mercat a trav\u00e9s del correo electr\u00f3nico\u00a0<a href=\"mailto:publics@mercatflors.cat\">publics@mercatflors.cat<\/a> para la devoluci\u00f3n. Las entradas se pueden tambi\u00e9n cambiar por otro espect\u00e1culo.<\/p>\n","protected":false},"excerpt":{"rendered":"<p>Por razones de seguridad y de responsabilidad, y siguiendo las [&hellip;]<\/p>\n","protected":false},"author":1,"featured_media":0,"comment_status":"open","ping_status":"open","sticky":false,"template":"","format":"standard","meta":[],"categories":[16],"tags":[],"_links":{"self":[{"href":"https:\/\/old.mercatflors.cat\/es\/wp-json\/wp\/v2\/posts\/45714\/"}],"collection":[{"href":"https:\/\/old.mercatflors.cat\/es\/wp-json\/wp\/v2\/posts\/"}],"about":[{"href":"https:\/\/old.mercatflors.cat\/es\/wp-json\/wp\/v2\/types\/post\/"}],"author":[{"embeddable":true,"href":"https:\/\/old.mercatflors.cat\/es\/wp-json\/wp\/v2\/users\/1\/"}],"replies":[{"embeddable":true,"href":"https:\/\/old.mercatflors.cat\/es\/wp-json\/wp\/v2\/comments\/?post=45714"}],"version-history":[{"count":0,"href":"https:\/\/old.mercatflors.cat\/es\/wp-json\/wp\/v2\/posts\/45714\/revisions\/"}],"wp:attachment":[{"href":"https:\/\/old.mercatflors.cat\/es\/wp-json\/wp\/v2\/media\/?parent=45714"}],"wp:term":[{"taxonomy":"category","embeddable":true,"href":"https:\/\/old.mercatflors.cat\/es\/wp-json\/wp\/v2\/categories\/?post=45714"},{"taxonomy":"post_tag","embeddable":true,"href":"https:\/\/old.mercatflors.cat\/es\/wp-json\/wp\/v2\/tags\/?post=45714"}],"curies":[{"name":"wp","href":"https:\/\/api.w.org\/{rel}","templated":true}]}}