{"id":45770,"date":"2020-03-16T22:51:50","date_gmt":"2020-03-16T21:51:50","guid":{"rendered":"https:\/\/old.mercatflors.cat\/?p=45770"},"modified":"2020-09-15T07:57:44","modified_gmt":"2020-09-15T06:57:44","slug":"se-pospone-la-constelacion-que-dedicamos-a-lia-rodrigues","status":"publish","type":"post","link":"https:\/\/old.mercatflors.cat\/es\/actualidad\/se-pospone-la-constelacion-que-dedicamos-a-lia-rodrigues\/","title":{"rendered":"Se pospone la constelaci\u00f3n que dedicamos a Lia Rodrigues"},"content":{"rendered":"<p>El Mercat de les Flors pospone los 4 espect\u00e1culos que inclu\u00eda la constelaci\u00f3n dedicada a la core\u00f3grafa brasile\u00f1a <strong>Lia Rodrigues<\/strong> debido a que la gira europea se ha visto afectada <span lang=\"CA\">por las cancelaciones de actuaciones y el cierre de fronteras consecuencia de la\u00a0<\/span>emergencia sanitaria mundial.<\/p>\n<p>La direcci\u00f3n del Mercat est\u00e1 trabajando para poder concretar unas fechas para m\u00e1s adelante, aunque todav\u00eda no se han podido determinar. A\u00fan as\u00ed, la voluntad es poder retomar esta constelaci\u00f3n de una artista imprescindible. La constelaci\u00f3n estaba prevista del 26 de marzo al 5 de abril con los espect\u00e1culos\u00a0<em>Para que o C\u00e9u n\u00e3o caia<\/em>, <em>Pindorama<\/em> y <em>F\u00faria<\/em>, as\u00ed como\u00a0<em>Singspiele<\/em>, de la core\u00f3grafa francesa de referencia internacional <strong>Maguy Marin<\/strong>, con quien Lia Rodrigues trabaj\u00f3. Adem\u00e1s hay programadas numerosas actividades paralelas alrededor de la creadora para conocer m\u00e1s a fondo su importante trabajo social en Rio de Janeiro, ciudad donde en 2009 cre\u00f3 un centro de creaci\u00f3n en la fabela de Mar\u00e9, la m\u00e1s grande de la ciudad.<\/p>\n<p>Adem\u00e1s de las cancelaciones de estos espect\u00e1culos, el Mercat tambi\u00e9n ha tenido que cancelar las funcionws de <em>It\u2019s a wrap (Kubrick is dead)<\/em> de <strong>La Intrusa<\/strong>, que deb\u00eda tener lugar del 12 al 15 de marzo, as\u00ed como la pieza <em>OCD Love<\/em> de <strong>L-E-V Company<\/strong> (una programaci\u00f3n de <strong>La Quinzena Metropolitana de dansa<\/strong>) y <em>Oscyl<\/em> y <em>Oscyl Variation<\/em>, de <strong>H\u00e9la Fattoumi y \u00c9ric Lamoureux<\/strong>, ambas piezas previstas para el 20 y 21 de marzo.<\/p>\n<p>Las representaciones en el Mercat de les Flors se han suspendido de momento hasta el 26 de marzo, aunque en estos momentos no hay una fecha fijada para poder continuar la programaci\u00f3n de la presente temporada. Se proceder\u00e1 en funci\u00f3n de los acontecimientos.<\/p>\n","protected":false},"excerpt":{"rendered":"<p>El Mercat de les Flors pospone los 4 espect\u00e1culos que [&hellip;]<\/p>\n","protected":false},"author":1,"featured_media":0,"comment_status":"open","ping_status":"open","sticky":false,"template":"","format":"standard","meta":[],"categories":[16],"tags":[],"_links":{"self":[{"href":"https:\/\/old.mercatflors.cat\/es\/wp-json\/wp\/v2\/posts\/45770\/"}],"collection":[{"href":"https:\/\/old.mercatflors.cat\/es\/wp-json\/wp\/v2\/posts\/"}],"about":[{"href":"https:\/\/old.mercatflors.cat\/es\/wp-json\/wp\/v2\/types\/post\/"}],"author":[{"embeddable":true,"href":"https:\/\/old.mercatflors.cat\/es\/wp-json\/wp\/v2\/users\/1\/"}],"replies":[{"embeddable":true,"href":"https:\/\/old.mercatflors.cat\/es\/wp-json\/wp\/v2\/comments\/?post=45770"}],"version-history":[{"count":0,"href":"https:\/\/old.mercatflors.cat\/es\/wp-json\/wp\/v2\/posts\/45770\/revisions\/"}],"wp:attachment":[{"href":"https:\/\/old.mercatflors.cat\/es\/wp-json\/wp\/v2\/media\/?parent=45770"}],"wp:term":[{"taxonomy":"category","embeddable":true,"href":"https:\/\/old.mercatflors.cat\/es\/wp-json\/wp\/v2\/categories\/?post=45770"},{"taxonomy":"post_tag","embeddable":true,"href":"https:\/\/old.mercatflors.cat\/es\/wp-json\/wp\/v2\/tags\/?post=45770"}],"curies":[{"name":"wp","href":"https:\/\/api.w.org\/{rel}","templated":true}]}}