{"id":46431,"date":"2020-04-23T12:51:30","date_gmt":"2020-04-23T11:51:30","guid":{"rendered":"https:\/\/old.mercatflors.cat\/?p=46431"},"modified":"2020-09-15T08:06:23","modified_gmt":"2020-09-15T07:06:23","slug":"el-mercat-de-les-flors-da-por-acabada-la-temporada-2019-20","status":"publish","type":"post","link":"https:\/\/old.mercatflors.cat\/es\/actualidad\/el-mercat-de-les-flors-da-por-acabada-la-temporada-2019-20\/","title":{"rendered":"El Mercat de les Flors da por acabada la temporada 2019-20"},"content":{"rendered":"<p><strong>La mayor parte de los espect\u00e1culos han sido reprogramados<\/strong><\/p>\n<p><span lang=\"CA\">El Mercat de les Flors da por acabada la presente temporada y desde hace semanas est\u00e1 trabajando en el traspaso de los espect\u00e1culos que se han tenido que cancelar a causa de la pandemia del Covid-19 a la pr\u00f3xima temporada. Se han podido reprogramar un 90% de estos, y s\u00f3lo dos espect\u00e1culos internacionales pasar\u00e1n a la temporada 2021-22 por un tema de compatibilidad de fechas.<\/span><\/p>\n<p><span lang=\"CA\">El Mercat de les Flors ya ha hecho el reembolso de todas las entradas que se hab\u00edan adquirido para los espect\u00e1culos cancelados o ha canjeado las entradas para la pr\u00f3xima temporada, seg\u00fan lo que cada espectador ha solicitado.<\/span><\/p>\n<p><span lang=\"CA\">Durante este per\u00edodo de confinamiento y de suspensi\u00f3n de toda actividad esc\u00e9nica, la Casa de la Danza ha puesto en abierto a disposici\u00f3n del p\u00fablico un gran n\u00famero de espect\u00e1culos que se han podido ver en algun momento en el mismo Mercat. Y lo ha hecho trabajando con los artistas, con los que ha buscado acuerdos en los derechos de autor para su reproducci\u00f3n.<\/span><\/p>\n<p><span lang=\"CA\">A la vez hay que destacar que el Mercat ha puesto a disposici\u00f3n de las familias todos sus recursos educativos, que normalmente est\u00e1n destinados a las escuelas, con el objetivo de ofrecer propuestas l\u00fadicas y pedag\u00f3gicas tanto a los peque\u00f1os como a los adultos que los acompa\u00f1an.<\/span><\/p>\n","protected":false},"excerpt":{"rendered":"<p>La mayor parte de los espect\u00e1culos han sido reprogramados El [&hellip;]<\/p>\n","protected":false},"author":1,"featured_media":0,"comment_status":"open","ping_status":"open","sticky":false,"template":"","format":"standard","meta":[],"categories":[16],"tags":[],"_links":{"self":[{"href":"https:\/\/old.mercatflors.cat\/es\/wp-json\/wp\/v2\/posts\/46431\/"}],"collection":[{"href":"https:\/\/old.mercatflors.cat\/es\/wp-json\/wp\/v2\/posts\/"}],"about":[{"href":"https:\/\/old.mercatflors.cat\/es\/wp-json\/wp\/v2\/types\/post\/"}],"author":[{"embeddable":true,"href":"https:\/\/old.mercatflors.cat\/es\/wp-json\/wp\/v2\/users\/1\/"}],"replies":[{"embeddable":true,"href":"https:\/\/old.mercatflors.cat\/es\/wp-json\/wp\/v2\/comments\/?post=46431"}],"version-history":[{"count":0,"href":"https:\/\/old.mercatflors.cat\/es\/wp-json\/wp\/v2\/posts\/46431\/revisions\/"}],"wp:attachment":[{"href":"https:\/\/old.mercatflors.cat\/es\/wp-json\/wp\/v2\/media\/?parent=46431"}],"wp:term":[{"taxonomy":"category","embeddable":true,"href":"https:\/\/old.mercatflors.cat\/es\/wp-json\/wp\/v2\/categories\/?post=46431"},{"taxonomy":"post_tag","embeddable":true,"href":"https:\/\/old.mercatflors.cat\/es\/wp-json\/wp\/v2\/tags\/?post=46431"}],"curies":[{"name":"wp","href":"https:\/\/api.w.org\/{rel}","templated":true}]}}