{"id":4646,"date":"2012-12-04T10:45:33","date_gmt":"2012-12-04T10:45:33","guid":{"rendered":"https:\/\/old.mercatflors.cat\/?p=4646"},"modified":"2013-02-25T09:51:24","modified_gmt":"2013-02-25T09:51:24","slug":"lipi-hernandez-gana-el-concurso-de-direccion-del-proyecto-educativo-jornada-joven-de-creacion-artistica","status":"publish","type":"post","link":"https:\/\/old.mercatflors.cat\/es\/actualidad\/lipi-hernandez-gana-el-concurso-de-direccion-del-proyecto-educativo-jornada-joven-de-creacion-artistica\/","title":{"rendered":"Lipi Hern\u00e1ndez gana el concurso de direcci\u00f3n del proyecto educativo Jornada Joven de Creaci\u00f3n Art\u00edstica"},"content":{"rendered":"<p>Valoradas las propuestas presentadas por los candidatos y de acuerdo con los criterios descritos en las bases del concurso del proyecto (adecuaci\u00f3n a los objetivos educativos y art\u00edsticos, car\u00e1cter innovador de la propuesta y experiencia acreditada), el concurso para la direcci\u00f3n art\u00edstica del proyecto en su edici\u00f3n 2013 se ha resuelto a favor de Lipi Hern\u00e1ndez.<\/p>\n<p><strong>El proyecto \u00a0\u00a0<\/strong><br \/>\nOrganizado por el Instituto de Educaci\u00f3n de Barcelona (IMEB), el Mercat de les Flors y el Instituto del Teatro, <em>Jornada Joven de Creaci\u00f3n Art\u00edstica: Danza Contempor\u00e1nea<\/em> es un proyecto de pr\u00e1ctica art\u00edstica dirigido a los centros de educaci\u00f3n secundaria y bachillerato p\u00fablicos de Barcelona. Creado con el objetivo primero de acercar el lenguaje del movimiento y la danza contempor\u00e1nea al p\u00fablico joven, el proyecto se presenta como una herramienta educativa para el profesorado y sobre todo se introduce como una vivencia y experiencia positiva, tanto personal como colectiva, para el alumnado de los institutos de ense\u00f1anza secundario de la ciudad.<\/p>\n<p>Se organiza en diversas fases de trabajo: formaci\u00f3n del profesorado, creaci\u00f3n coreogr\u00e1fica conjunta y muestra de los resultados en el escenario. El proyecto pretende aprovechar todos los recursos pedag\u00f3gicos y educativos que la danza puede ofrecer dentro del aula, trabajando para que resulte una herramienta transversal e innovadora al alcance del educador.<\/p>\n<p>Con ocho a\u00f1os de historia, en 2011 el proyecto dio un salto hacia delante con la incorporaci\u00f3n en la direcci\u00f3n art\u00edstica para el plazo de un a\u00f1o de un core\u00f3grafo profesional elegido por concurso p\u00fablico.<\/p>\n<p><strong>La core\u00f3grafa<\/strong><br \/>\nLipi Hern\u00e1ndez es bailarina, core\u00f3grafa y docente en el \u00e1mbito del cuerpo y el movimiento. Destacada creadora referente de la escena contempor\u00e1nea, fue fundadora de la compa\u00f1\u00eda Las Malqueridas, que en 2007 transforma en plataforma de investigaci\u00f3n y desarrollo I+D de nuevos formatos art\u00edsticos entorno al lenguaje del cuerpo y el movimiento. Desde 2005 a 2007 fue directora art\u00edstica del centro de creaci\u00f3n La Caldera; durante este mismo per\u00edodo ejerce la direcci\u00f3n de la especialidad de Pedagog\u00eda de la Danza en el Conservatorio Superior de Danza del Instituto del Teatro. \u00a0Adem\u00e1s de la docencia en escuelas, centros y compa\u00f1\u00edas, destaca su trabajo como asesora y tutora de numerosos proyectos y laboratorios de creaci\u00f3n art\u00edstica relacionados con la danza y el movimiento.<\/p>\n","protected":false},"excerpt":{"rendered":"<p>Valoradas las propuestas presentadas por los candidatos y de acuerdo [&hellip;]<\/p>\n","protected":false},"author":1,"featured_media":0,"comment_status":"open","ping_status":"open","sticky":false,"template":"","format":"standard","meta":[],"categories":[16],"tags":[],"_links":{"self":[{"href":"https:\/\/old.mercatflors.cat\/es\/wp-json\/wp\/v2\/posts\/4646\/"}],"collection":[{"href":"https:\/\/old.mercatflors.cat\/es\/wp-json\/wp\/v2\/posts\/"}],"about":[{"href":"https:\/\/old.mercatflors.cat\/es\/wp-json\/wp\/v2\/types\/post\/"}],"author":[{"embeddable":true,"href":"https:\/\/old.mercatflors.cat\/es\/wp-json\/wp\/v2\/users\/1\/"}],"replies":[{"embeddable":true,"href":"https:\/\/old.mercatflors.cat\/es\/wp-json\/wp\/v2\/comments\/?post=4646"}],"version-history":[{"count":0,"href":"https:\/\/old.mercatflors.cat\/es\/wp-json\/wp\/v2\/posts\/4646\/revisions\/"}],"wp:attachment":[{"href":"https:\/\/old.mercatflors.cat\/es\/wp-json\/wp\/v2\/media\/?parent=4646"}],"wp:term":[{"taxonomy":"category","embeddable":true,"href":"https:\/\/old.mercatflors.cat\/es\/wp-json\/wp\/v2\/categories\/?post=4646"},{"taxonomy":"post_tag","embeddable":true,"href":"https:\/\/old.mercatflors.cat\/es\/wp-json\/wp\/v2\/tags\/?post=4646"}],"curies":[{"name":"wp","href":"https:\/\/api.w.org\/{rel}","templated":true}]}}