{"id":46514,"date":"2020-05-05T10:09:19","date_gmt":"2020-05-05T09:09:19","guid":{"rendered":"https:\/\/old.mercatflors.cat\/?p=46514"},"modified":"2020-09-15T07:51:58","modified_gmt":"2020-09-15T06:51:58","slug":"continuamos-trabajando-para-la-proxima-temporada","status":"publish","type":"post","link":"https:\/\/old.mercatflors.cat\/es\/actualidad\/continuamos-trabajando-para-la-proxima-temporada\/","title":{"rendered":"Continuamos trabajando para la pr\u00f3xima temporada"},"content":{"rendered":"<p>Queremos informarte que desde el Mercat de les Flors no hemos dejado de trabajar con el objetivo de hacer posible la pr\u00f3xima temporada de danza.<\/p>\n<p>Volveremos con una extensa programaci\u00f3n, que recupera gran parte de los espect\u00e1culos previstos para la primavera de 2020, con compa\u00f1\u00edas locales e internacionales, dando apoyo a los artistas y pensando en el p\u00fablico que nos acompa\u00f1a.<\/p>\n<p>Pronto presentaremos la pr\u00f3xima programaci\u00f3n, con m\u00e1s de 40 espect\u00e1culos y una amplia oferta de actividades a su alrededor, as\u00ed como un extenso programa educativo.<\/p>\n<p>Continuamos poniendo en valor la danza y la cultura.<\/p>\n","protected":false},"excerpt":{"rendered":"<p>Queremos informarte que desde el Mercat de les Flors no [&hellip;]<\/p>\n","protected":false},"author":1,"featured_media":0,"comment_status":"open","ping_status":"open","sticky":false,"template":"","format":"standard","meta":[],"categories":[16],"tags":[],"_links":{"self":[{"href":"https:\/\/old.mercatflors.cat\/es\/wp-json\/wp\/v2\/posts\/46514\/"}],"collection":[{"href":"https:\/\/old.mercatflors.cat\/es\/wp-json\/wp\/v2\/posts\/"}],"about":[{"href":"https:\/\/old.mercatflors.cat\/es\/wp-json\/wp\/v2\/types\/post\/"}],"author":[{"embeddable":true,"href":"https:\/\/old.mercatflors.cat\/es\/wp-json\/wp\/v2\/users\/1\/"}],"replies":[{"embeddable":true,"href":"https:\/\/old.mercatflors.cat\/es\/wp-json\/wp\/v2\/comments\/?post=46514"}],"version-history":[{"count":0,"href":"https:\/\/old.mercatflors.cat\/es\/wp-json\/wp\/v2\/posts\/46514\/revisions\/"}],"wp:attachment":[{"href":"https:\/\/old.mercatflors.cat\/es\/wp-json\/wp\/v2\/media\/?parent=46514"}],"wp:term":[{"taxonomy":"category","embeddable":true,"href":"https:\/\/old.mercatflors.cat\/es\/wp-json\/wp\/v2\/categories\/?post=46514"},{"taxonomy":"post_tag","embeddable":true,"href":"https:\/\/old.mercatflors.cat\/es\/wp-json\/wp\/v2\/tags\/?post=46514"}],"curies":[{"name":"wp","href":"https:\/\/api.w.org\/{rel}","templated":true}]}}