{"id":46658,"date":"2020-05-15T19:23:38","date_gmt":"2020-05-15T18:23:38","guid":{"rendered":"https:\/\/old.mercatflors.cat\/?p=46658"},"modified":"2021-04-12T22:04:28","modified_gmt":"2021-04-12T21:04:28","slug":"el-ayuntamiento-de-barcelona-refuerza-los-programas-tot-dansa-y-en-residencia","status":"publish","type":"post","link":"https:\/\/old.mercatflors.cat\/es\/actualidad\/el-ayuntamiento-de-barcelona-refuerza-los-programas-tot-dansa-y-en-residencia\/","title":{"rendered":"El Ajuntament de Barcelona refuerza los programas TOT DANSA y EN RESID\u00c8NCIA"},"content":{"rendered":"<p>Una de las 11 medidas incluidas en un segundo paquete de refuerzo a la Cultura, que el Ayuntamiento de Barcelona ha presentado el 15 de mayo, es la ampliaci\u00f3n de los programas que vinculan agentes culturales de la ciudad y centros educativos, como En Resid\u00e8ncia o Tot Dansa, entre otros, para poder asegurar un crecimiento sostenido durante los pr\u00f3ximos dos cursos escolares. Eso \u00a0permitir\u00e1 desarrollar un proceso de creaci\u00f3n art\u00edstica en la mayor parte de los Institutos de la ciudad y contratar un mayor n\u00famero de creadores y artistas. Con este impulso, se pasar\u00e1 de 41 a 70 procesos art\u00edsticos y de 40 a 100 creadores.<\/p>\n<p>Justamente el mi\u00e9rcoles 20 de mayo tendr\u00e1 lugar la presentaci\u00f3n del espect\u00e1culo surgido en la presente edici\u00f3n del TOT DANSA, que ha sido dirigido por el core\u00f3grafo Mario G. S\u00e1ez; este a\u00f1o, a causa de las medidas sanitarias tomadas para hacer frente al Covid-19, el espect\u00e1culo se ha reconvertido en una creaci\u00f3n de v\u00eddeo en la que han participado un centenar de alumnos. <strong>El v\u00eddeo se estrena online el pr\u00f3ximo mi\u00e9rcoles 20 de mayo a las 18h en el canal de youtube del Mercat de les Flors.<\/strong><\/p>\n<p><a href=\"https:\/\/old.mercatflors.cat\/es\/actualidad\/tot-dansa-2020-celebracio-els-diumenges-de-la-vida-miercoles-20-de-mayo\/\">+ informaci\u00f3n TOT DANSA<\/a><\/p>\n","protected":false},"excerpt":{"rendered":"<p>Una de las 11 medidas incluidas en un segundo paquete [&hellip;]<\/p>\n","protected":false},"author":1,"featured_media":0,"comment_status":"open","ping_status":"open","sticky":false,"template":"","format":"standard","meta":[],"categories":[16],"tags":[],"_links":{"self":[{"href":"https:\/\/old.mercatflors.cat\/es\/wp-json\/wp\/v2\/posts\/46658\/"}],"collection":[{"href":"https:\/\/old.mercatflors.cat\/es\/wp-json\/wp\/v2\/posts\/"}],"about":[{"href":"https:\/\/old.mercatflors.cat\/es\/wp-json\/wp\/v2\/types\/post\/"}],"author":[{"embeddable":true,"href":"https:\/\/old.mercatflors.cat\/es\/wp-json\/wp\/v2\/users\/1\/"}],"replies":[{"embeddable":true,"href":"https:\/\/old.mercatflors.cat\/es\/wp-json\/wp\/v2\/comments\/?post=46658"}],"version-history":[{"count":0,"href":"https:\/\/old.mercatflors.cat\/es\/wp-json\/wp\/v2\/posts\/46658\/revisions\/"}],"wp:attachment":[{"href":"https:\/\/old.mercatflors.cat\/es\/wp-json\/wp\/v2\/media\/?parent=46658"}],"wp:term":[{"taxonomy":"category","embeddable":true,"href":"https:\/\/old.mercatflors.cat\/es\/wp-json\/wp\/v2\/categories\/?post=46658"},{"taxonomy":"post_tag","embeddable":true,"href":"https:\/\/old.mercatflors.cat\/es\/wp-json\/wp\/v2\/tags\/?post=46658"}],"curies":[{"name":"wp","href":"https:\/\/api.w.org\/{rel}","templated":true}]}}