{"id":46713,"date":"2020-05-21T11:36:50","date_gmt":"2020-05-21T10:36:50","guid":{"rendered":"https:\/\/old.mercatflors.cat\/?p=46713"},"modified":"2021-04-12T22:03:28","modified_gmt":"2021-04-12T21:03:28","slug":"tot-dansa-nominado-a-los-premios-dansacat-de-este-ano","status":"publish","type":"post","link":"https:\/\/old.mercatflors.cat\/es\/actualidad\/tot-dansa-nominado-a-los-premios-dansacat-de-este-ano\/","title":{"rendered":"TOT DANSA, nominado a los Premios Dansacat de este a\u00f1o"},"content":{"rendered":"<p>La APdC (Asociaci\u00f3n de Profesionales de la Danza) ha nominado el proyecto pedag\u00f3gico TOT DANSA, impulsado por el Mercat de les Flors, el Institut Municipal de Educaci\u00f3n y el Institut del Teatre, a la categor\u00eda de Mejor proyecto pedag\u00f3gico. Su objetivo es el de promover y fomentar la danza contempor\u00e1nea entre los j\u00f3venes de secundaria. Este a\u00f1o, a causa de la situaci\u00f3n excepcional que nos ha comportado la aparici\u00f3n del Covid 19, el resultado final tuvo lugar el mi\u00e9rcoles 20 de mayo a trav\u00e9s del canal Youtube del Mercat de les Flors. Dirigido pot el core\u00f3graf Mario G. S\u00e1ez, el Tot Dansa de este a\u00f1o ha contado con la participaci\u00f3n de 186 alumnos de 15 institutos y una escuela de m\u00fasica.<\/p>\n<p>Los Premios Dansacat, que tienen un car\u00e1cter simb\u00f3lico, nacieron con el objetivo de reconocer, incentivar y promocionar el trabajo de las profesionales de la Danza en Catalunya.<\/p>\n<p>Dentro de las otras ategor\u00edas de los premios de la asociaci\u00f3n, tambi\u00e9n podemos encontrar muchos de los espect\u00e1culos que hemos podido ver en el Mercat de les Flors.<\/p>\n<p>Puedes encontrar m\u00e1s informaci\u00f3n y acceder a la votaci\u00f3n (hasta el 18 de junio) <a href=\"https:\/\/dansacat.org\/es\/actualitat\/1\/3875\/\"><strong>AQU\u00cd<\/strong><\/a><\/p>\n<p><a href=\"https:\/\/old.mercatflors.cat\/es\/actualidad\/tot-dansa-2020-celebracio-els-diumenges-de-la-vida-miercoles-20-de-mayo\/\"><strong><span style=\"color: #0000ff;\">TOT DANSA 2020<\/span><\/strong><\/a><\/p>\n<p>&nbsp;<\/p>\n","protected":false},"excerpt":{"rendered":"<p>La APdC (Asociaci\u00f3n de Profesionales de la Danza) ha nominado [&hellip;]<\/p>\n","protected":false},"author":1,"featured_media":0,"comment_status":"open","ping_status":"open","sticky":false,"template":"","format":"standard","meta":[],"categories":[16],"tags":[],"_links":{"self":[{"href":"https:\/\/old.mercatflors.cat\/es\/wp-json\/wp\/v2\/posts\/46713\/"}],"collection":[{"href":"https:\/\/old.mercatflors.cat\/es\/wp-json\/wp\/v2\/posts\/"}],"about":[{"href":"https:\/\/old.mercatflors.cat\/es\/wp-json\/wp\/v2\/types\/post\/"}],"author":[{"embeddable":true,"href":"https:\/\/old.mercatflors.cat\/es\/wp-json\/wp\/v2\/users\/1\/"}],"replies":[{"embeddable":true,"href":"https:\/\/old.mercatflors.cat\/es\/wp-json\/wp\/v2\/comments\/?post=46713"}],"version-history":[{"count":0,"href":"https:\/\/old.mercatflors.cat\/es\/wp-json\/wp\/v2\/posts\/46713\/revisions\/"}],"wp:attachment":[{"href":"https:\/\/old.mercatflors.cat\/es\/wp-json\/wp\/v2\/media\/?parent=46713"}],"wp:term":[{"taxonomy":"category","embeddable":true,"href":"https:\/\/old.mercatflors.cat\/es\/wp-json\/wp\/v2\/categories\/?post=46713"},{"taxonomy":"post_tag","embeddable":true,"href":"https:\/\/old.mercatflors.cat\/es\/wp-json\/wp\/v2\/tags\/?post=46713"}],"curies":[{"name":"wp","href":"https:\/\/api.w.org\/{rel}","templated":true}]}}