{"id":46856,"date":"2020-06-11T14:46:17","date_gmt":"2020-06-11T13:46:17","guid":{"rendered":"https:\/\/old.mercatflors.cat\/?p=46856"},"modified":"2020-09-15T07:57:11","modified_gmt":"2020-09-15T06:57:11","slug":"medidas-adoptadas-por-el-consorci-mercat-de-les-flors-ante-la-situacion-creada-por-la-covid-19","status":"publish","type":"post","link":"https:\/\/old.mercatflors.cat\/es\/actualidad\/medidas-adoptadas-por-el-consorci-mercat-de-les-flors-ante-la-situacion-creada-por-la-covid-19\/","title":{"rendered":"Medidas adoptadas por el Consorci Mercat de les Flors ante la situaci\u00f3n creada por la Covid-19"},"content":{"rendered":"<div id=\"attachment_4489\" style=\"width: 360px\" class=\"wp-caption alignnone\"><img aria-describedby=\"caption-attachment-4489\" decoding=\"async\" loading=\"lazy\" class=\"size-medium wp-image-4489\" src=\"https:\/\/old.mercatflors.cat\/wp-content\/uploads\/2011\/11\/mercat_int-350x217.jpg\" alt=\"Hall del Mercat\" width=\"350\" height=\"217\" srcset=\"https:\/\/old.mercatflors.cat\/wp-content\/uploads\/2011\/11\/mercat_int-350x217.jpg 350w, https:\/\/old.mercatflors.cat\/wp-content\/uploads\/2011\/11\/mercat_int.jpg 790w\" sizes=\"(max-width: 350px) 100vw, 350px\" \/><p id=\"caption-attachment-4489\" class=\"wp-caption-text\">Foto de Pau Fabregat<\/p><\/div>\n<p>De acuerdo con las recomendaciones de las autoridades sanitarias y con tal de contribuir a frenar la expansi\u00f3n de la COVID 19, el Consorci Mercat de les Flors cerr\u00f3 las puertas y suspender sus actividades dirigidas al p\u00fablico el pasado 12 de marzo. A partir del 25 de mayo hemos retomado actividades como espacio de residencia de nuestras coproducciones, y a finales de junio haremos una aproximaci\u00f3n a la pr\u00f3xima temporada que se inicia en octubre.<\/p>\n<p>A partir de julio acogemos en la sala MAC y OM del Mercat de les Flors parte de la programaci\u00f3n del Festival de Barcelona &#8211; Grec 2020.<\/p>\n<p>Las fechas, espect\u00e1culos y condiciones sanitarias que se adopten para su exhibici\u00f3n se anunciar\u00e1n oportunamente y de forma conjunta con el resto de equipamientos que participen en el Festival<\/p>\n","protected":false},"excerpt":{"rendered":"<p>De acuerdo con las recomendaciones de las autoridades sanitarias y [&hellip;]<\/p>\n","protected":false},"author":1,"featured_media":0,"comment_status":"open","ping_status":"open","sticky":false,"template":"","format":"standard","meta":[],"categories":[16],"tags":[],"_links":{"self":[{"href":"https:\/\/old.mercatflors.cat\/es\/wp-json\/wp\/v2\/posts\/46856\/"}],"collection":[{"href":"https:\/\/old.mercatflors.cat\/es\/wp-json\/wp\/v2\/posts\/"}],"about":[{"href":"https:\/\/old.mercatflors.cat\/es\/wp-json\/wp\/v2\/types\/post\/"}],"author":[{"embeddable":true,"href":"https:\/\/old.mercatflors.cat\/es\/wp-json\/wp\/v2\/users\/1\/"}],"replies":[{"embeddable":true,"href":"https:\/\/old.mercatflors.cat\/es\/wp-json\/wp\/v2\/comments\/?post=46856"}],"version-history":[{"count":0,"href":"https:\/\/old.mercatflors.cat\/es\/wp-json\/wp\/v2\/posts\/46856\/revisions\/"}],"wp:attachment":[{"href":"https:\/\/old.mercatflors.cat\/es\/wp-json\/wp\/v2\/media\/?parent=46856"}],"wp:term":[{"taxonomy":"category","embeddable":true,"href":"https:\/\/old.mercatflors.cat\/es\/wp-json\/wp\/v2\/categories\/?post=46856"},{"taxonomy":"post_tag","embeddable":true,"href":"https:\/\/old.mercatflors.cat\/es\/wp-json\/wp\/v2\/tags\/?post=46856"}],"curies":[{"name":"wp","href":"https:\/\/api.w.org\/{rel}","templated":true}]}}