{"id":47058,"date":"2020-06-17T10:49:47","date_gmt":"2020-06-17T09:49:47","guid":{"rendered":"https:\/\/old.mercatflors.cat\/?p=47058"},"modified":"2021-04-12T22:02:44","modified_gmt":"2021-04-12T21:02:44","slug":"el-mercat-de-les-flors-felicita-a-los-coreografos-ganaadores-dels-xxi-premios-de-la-critica","status":"publish","type":"post","link":"https:\/\/old.mercatflors.cat\/es\/actualidad\/el-mercat-de-les-flors-felicita-a-los-coreografos-ganaadores-dels-xxi-premios-de-la-critica\/","title":{"rendered":"El Mercat de les Flors felicita a los core\u00f3grafos ganadores dels XXI Premios de la Cr\u00edtica"},"content":{"rendered":"<p>El espect\u00e1culo \u00a0<em>Flamingos<\/em>, de Albert Quesada, ha sido galardonado con el Premio al \u00a0Mejor Espect\u00e1culo Nacional. Esta creaci\u00f3n es la primera producci\u00f3n del Mercat de les Flors dentro del proyecto C\u00e8l\u00b7lula, puesto en marcha por el Mercat para hacer posible que los core\u00f3grafos locales puedan realizar espect\u00e1culos de medio \/ gran formato. <em>Flamingos<\/em> lo vimos en el Mercat en dos ocasiones en el a\u00f1o 2019.<\/p>\n<p>El premio al Mejor Espect\u00e1culo Internacional de Danza ha sido para <em>Bacants<\/em>. <em>Preludio para una purga<\/em>, de la core\u00f3grafa Marlene Monteiro Freitas, que se present\u00f3 en el Mercat en enero de 2019.Como mejor solo ha sido seleccionado <em>Quartiers Libres<\/em>, de la core\u00f3grafa y bailarina de Costa de Marfil Nadia Beugr\u00e9; la pieza formaba parte de la programaci\u00f3n del festival Africa Moment de la temporada anterior.<\/p>\n<p>La core\u00f3grafa Roser L\u00f3pez Espinosa, artista residente del Mercat de les Flors, ha recibido por la obra <em>Trama<\/em>, coproducida por el Mercat, el premio a la Mejor Coreograf\u00eda.<\/p>\n<p>Por \u00faltimo, el \u00a0proyecto Explica Dansa, especializado en danza para la formaci\u00f3n y la creaci\u00f3n de p\u00fablicos, ha sido galardonado con una Menci\u00f3n Especial de los XXI Premios de la Cr\u00edtica. Desde hace a\u00f1os, Explica Dansa conduce en el Mercat las sesiones Una Hora Antes, que contextualitzan los espect\u00e1culos \u00a0que se ven seguidamente.<\/p>\n<p>\u00a1Felicidades a todas y todos!<\/p>\n","protected":false},"excerpt":{"rendered":"<p>El espect\u00e1culo \u00a0Flamingos, de Albert Quesada, ha sido galardonado con [&hellip;]<\/p>\n","protected":false},"author":1,"featured_media":0,"comment_status":"open","ping_status":"open","sticky":false,"template":"","format":"standard","meta":[],"categories":[16],"tags":[],"_links":{"self":[{"href":"https:\/\/old.mercatflors.cat\/es\/wp-json\/wp\/v2\/posts\/47058\/"}],"collection":[{"href":"https:\/\/old.mercatflors.cat\/es\/wp-json\/wp\/v2\/posts\/"}],"about":[{"href":"https:\/\/old.mercatflors.cat\/es\/wp-json\/wp\/v2\/types\/post\/"}],"author":[{"embeddable":true,"href":"https:\/\/old.mercatflors.cat\/es\/wp-json\/wp\/v2\/users\/1\/"}],"replies":[{"embeddable":true,"href":"https:\/\/old.mercatflors.cat\/es\/wp-json\/wp\/v2\/comments\/?post=47058"}],"version-history":[{"count":0,"href":"https:\/\/old.mercatflors.cat\/es\/wp-json\/wp\/v2\/posts\/47058\/revisions\/"}],"wp:attachment":[{"href":"https:\/\/old.mercatflors.cat\/es\/wp-json\/wp\/v2\/media\/?parent=47058"}],"wp:term":[{"taxonomy":"category","embeddable":true,"href":"https:\/\/old.mercatflors.cat\/es\/wp-json\/wp\/v2\/categories\/?post=47058"},{"taxonomy":"post_tag","embeddable":true,"href":"https:\/\/old.mercatflors.cat\/es\/wp-json\/wp\/v2\/tags\/?post=47058"}],"curies":[{"name":"wp","href":"https:\/\/api.w.org\/{rel}","templated":true}]}}