{"id":47514,"date":"2020-07-08T17:46:50","date_gmt":"2020-07-08T16:46:50","guid":{"rendered":"https:\/\/old.mercatflors.cat\/?p=47514"},"modified":"2020-09-15T08:12:23","modified_gmt":"2020-09-15T07:12:23","slug":"quieres-participar-en-las-acciones-que-quim-bigas-esta-haciendo-entre-la-fundacio-miro-y-el-mercat","status":"publish","type":"post","link":"https:\/\/old.mercatflors.cat\/es\/actualidad\/quieres-participar-en-las-acciones-que-quim-bigas-esta-haciendo-entre-la-fundacio-miro-y-el-mercat\/","title":{"rendered":"Quieres participar en las acciones que QUIM BIGAS est\u00e1 haciendo entre la Fundaci\u00f3 Mir\u00f3 y el Mercat?"},"content":{"rendered":"<p><img decoding=\"async\" loading=\"lazy\" class=\"alignnone size-medium wp-image-47508\" src=\"https:\/\/old.mercatflors.cat\/wp-content\/uploads\/2020\/07\/EcP8LO7X0AE6mRE-350x197.jpeg\" alt=\"Acci\u00f3 Quim Bigas MIR\u00d3 - MERCAT Dancing Museums\" width=\"350\" height=\"197\" srcset=\"https:\/\/old.mercatflors.cat\/wp-content\/uploads\/2020\/07\/EcP8LO7X0AE6mRE-350x197.jpeg 350w, https:\/\/old.mercatflors.cat\/wp-content\/uploads\/2020\/07\/EcP8LO7X0AE6mRE-768x432.jpeg 768w, https:\/\/old.mercatflors.cat\/wp-content\/uploads\/2020\/07\/EcP8LO7X0AE6mRE-790x444.jpeg 790w, https:\/\/old.mercatflors.cat\/wp-content\/uploads\/2020\/07\/EcP8LO7X0AE6mRE-223x127.jpeg 223w, https:\/\/old.mercatflors.cat\/wp-content\/uploads\/2020\/07\/EcP8LO7X0AE6mRE.jpeg 1599w\" sizes=\"(max-width: 350px) 100vw, 350px\" \/><\/p>\n<p>Quim Bigas, artista en residencia de la Fundaci\u00f3 Mir\u00f3, est\u00e1\u00a0<span class=\"css-901oao css-16my406 r-1qd0xha r-ad9z0x r-bcqeeo r-qvutc0\">siguiendo esta semana su investigaci\u00f3n\u00a0<u><a href=\"https:\/\/www.dancingmuseums.com\/\">en el marco del proyecto europeo <strong>Dancing Museums<\/strong><\/a><\/u> junto con el Mercat de les Flors<\/span><span class=\"css-901oao css-16my406 r-1qd0xha r-ad9z0x r-bcqeeo r-qvutc0\">. Centra su mirada en la idea de \u201cdentro y fuera\u201d, y lo har\u00e1 en los alrededores del edificio de la Mir\u00f3 y el Mercat<\/span><\/p>\n<p>\u00bfQuer\u00e9is acompa\u00f1arlo? La acci\u00f3n se desarrollar\u00e1 tanto el jueves como el viernes, 9 y 10 de julio, a partir de las 8:30h y hasta las 13:30h como un recorrido entre el Mercat de les Flors y la Fundaci\u00f3 Mir\u00f3, y quien quiera se podr\u00e1 a\u00f1adir en cualquier momento<\/p>\n<p><strong>Dancing Museums<\/strong> es un proyecto europeo de investigaci\u00f3n de acci\u00f3n dise\u00f1ado para fomentar y mantener colaboraciones a largo plazo entre organizaciones de danza, museos, universidades y comunidades locales con el objetivo de desarrollar programas art\u00edsticos y culturales inspiradores y duraderos<\/p>\n<p>Puedes ver las acciones que\u00a0<a href=\"https:\/\/twitter.com\/mercatflors\/status\/1280152309738213376\"><span style=\"color: #0000ff;\">est\u00e1 llevando a cabo alrededor de los edificios de la Mir\u00f3 y el Mercat aqu\u00ed<\/span><\/a><\/p>\n<p><a href=\"https:\/\/old.mercatflors.cat\/es\/dancing-museums\/\"><span style=\"color: #0000ff;\">+ info<\/span><\/a><\/p>\n","protected":false},"excerpt":{"rendered":"<p>Quim Bigas, artista en residencia de la Fundaci\u00f3 Mir\u00f3, est\u00e1\u00a0siguiendo [&hellip;]<\/p>\n","protected":false},"author":1,"featured_media":0,"comment_status":"open","ping_status":"open","sticky":false,"template":"","format":"standard","meta":[],"categories":[16],"tags":[],"_links":{"self":[{"href":"https:\/\/old.mercatflors.cat\/es\/wp-json\/wp\/v2\/posts\/47514\/"}],"collection":[{"href":"https:\/\/old.mercatflors.cat\/es\/wp-json\/wp\/v2\/posts\/"}],"about":[{"href":"https:\/\/old.mercatflors.cat\/es\/wp-json\/wp\/v2\/types\/post\/"}],"author":[{"embeddable":true,"href":"https:\/\/old.mercatflors.cat\/es\/wp-json\/wp\/v2\/users\/1\/"}],"replies":[{"embeddable":true,"href":"https:\/\/old.mercatflors.cat\/es\/wp-json\/wp\/v2\/comments\/?post=47514"}],"version-history":[{"count":0,"href":"https:\/\/old.mercatflors.cat\/es\/wp-json\/wp\/v2\/posts\/47514\/revisions\/"}],"wp:attachment":[{"href":"https:\/\/old.mercatflors.cat\/es\/wp-json\/wp\/v2\/media\/?parent=47514"}],"wp:term":[{"taxonomy":"category","embeddable":true,"href":"https:\/\/old.mercatflors.cat\/es\/wp-json\/wp\/v2\/categories\/?post=47514"},{"taxonomy":"post_tag","embeddable":true,"href":"https:\/\/old.mercatflors.cat\/es\/wp-json\/wp\/v2\/tags\/?post=47514"}],"curies":[{"name":"wp","href":"https:\/\/api.w.org\/{rel}","templated":true}]}}