{"id":47628,"date":"2020-07-17T12:03:26","date_gmt":"2020-07-17T11:03:26","guid":{"rendered":"https:\/\/old.mercatflors.cat\/?p=47628"},"modified":"2020-10-08T13:18:38","modified_gmt":"2020-10-08T12:18:38","slug":"las-entradas-a-la-venta-a-partir-de-setiembre","status":"publish","type":"post","link":"https:\/\/old.mercatflors.cat\/es\/actualidad\/las-entradas-a-la-venta-a-partir-de-setiembre\/","title":{"rendered":"Entradas a la venta a partir de setiembre"},"content":{"rendered":"<p>Este a\u00f1o tardaremos un poco m\u00e1s en poner a la venta las entradas de la pr\u00f3xima temporada: lo haremos en el mes de setiembre, y no en julio tal com hemos hecho los \u00faltimos a\u00f1os. Queremos facilitar las gestiones tanto como sea posible, ahorrar a nuestro p\u00fablico cambios y devoluciones imprevistos y asegurar al m\u00e1ximo la venta de entradas para los espect\u00e1culos y actividades, ante posibles modificaciones de aforo y adaptaci\u00f3n a la nueva normalidad y evoluci\u00f3n sanitaria.<\/p>\n<p>Te pedimos que a mediados de setiembre est\u00e9s atento\/a al inicio de la venta de entradas<\/p>\n","protected":false},"excerpt":{"rendered":"<p>Este a\u00f1o tardaremos un poco m\u00e1s en poner a la [&hellip;]<\/p>\n","protected":false},"author":1,"featured_media":0,"comment_status":"open","ping_status":"open","sticky":false,"template":"","format":"standard","meta":[],"categories":[16],"tags":[],"_links":{"self":[{"href":"https:\/\/old.mercatflors.cat\/es\/wp-json\/wp\/v2\/posts\/47628\/"}],"collection":[{"href":"https:\/\/old.mercatflors.cat\/es\/wp-json\/wp\/v2\/posts\/"}],"about":[{"href":"https:\/\/old.mercatflors.cat\/es\/wp-json\/wp\/v2\/types\/post\/"}],"author":[{"embeddable":true,"href":"https:\/\/old.mercatflors.cat\/es\/wp-json\/wp\/v2\/users\/1\/"}],"replies":[{"embeddable":true,"href":"https:\/\/old.mercatflors.cat\/es\/wp-json\/wp\/v2\/comments\/?post=47628"}],"version-history":[{"count":0,"href":"https:\/\/old.mercatflors.cat\/es\/wp-json\/wp\/v2\/posts\/47628\/revisions\/"}],"wp:attachment":[{"href":"https:\/\/old.mercatflors.cat\/es\/wp-json\/wp\/v2\/media\/?parent=47628"}],"wp:term":[{"taxonomy":"category","embeddable":true,"href":"https:\/\/old.mercatflors.cat\/es\/wp-json\/wp\/v2\/categories\/?post=47628"},{"taxonomy":"post_tag","embeddable":true,"href":"https:\/\/old.mercatflors.cat\/es\/wp-json\/wp\/v2\/tags\/?post=47628"}],"curies":[{"name":"wp","href":"https:\/\/api.w.org\/{rel}","templated":true}]}}