{"id":47776,"date":"2020-09-07T09:18:45","date_gmt":"2020-09-07T08:18:45","guid":{"rendered":"https:\/\/old.mercatflors.cat\/?p=47776"},"modified":"2021-07-05T08:58:39","modified_gmt":"2021-07-05T07:58:39","slug":"ya-en-las-librerias-discozombi-de-pere-faura-segundo-volumen-de-paragrafias","status":"publish","type":"post","link":"https:\/\/old.mercatflors.cat\/es\/actualidad\/ya-en-las-librerias-discozombi-de-pere-faura-segundo-volumen-de-paragrafias\/","title":{"rendered":"Ya en las librer\u00edas &#8216;Discozombi&#8217;, de Pere Faura, segundo volumen de Paragraf\u00edas"},"content":{"rendered":"<p>El Mercat de les Flors, el\u00a0 Institut del Teatre y la editorial Comanegra han unido fuerzas para hacer que la danza est\u00e9 presente en las librer\u00edas. Con este objetivo nace <strong>Paragraf\u00edas<\/strong>, una nueva colecci\u00f3n de textos que pretende dar voz a grandes core\u00f3grafos catalanes. El primer volumen de la colecci\u00f3n es <em>Lo que me gustar\u00eda que la danza fuera,<\/em> de Cesc Gelabert, a la venta desde el 8 de julio. El 2 de septiembre ha salido el segundo libro,\u00a0 <em>Discozombi<\/em>, del core\u00f3grafo Pere (Gay) Faura. El libro sacudir\u00e1 al p\u00fablico tanto como la danza de Faura, que se ha revelado como uno de los core\u00f3grafos y bailarines m\u00e1s reflexivos y a la vez m\u00e1s rompedores de la escena de nuestro pa\u00eds.<\/p>\n<p>Los vol\u00famenes siguientes ser\u00e1n de Marina Mascarell, Mar\u00eda Mu\u00f1oz (Mal Pelo) y Andr\u00e9s Corchero. El objetivo es sacar, como m\u00ednimo, un libro nuevo cada a\u00f1o que sirva para reflexionar a fondo sobre la danza y dar herramientas a espectadores y profesionales. Los libros saldr\u00e1n siempre en dos ediciones: la catalana y la castellana.<\/p>\n<p>Paragraf\u00edas tiene como objetivo valorar, hacer visible y transmitir el pensamiento coreogr\u00e1fico y el universo po\u00e9tico y conceptual de los creadores de la danza. En este sentido, la colecci\u00f3n quiere poner al alcance de todos el conocimiento intelectual que nace y se construye desde la experiencia compartida de core\u00f3grafos y bailarines. As\u00ed, las obras quieren reflejar la dualidad de la danza, entendida como herramienta de creaci\u00f3n y de pensamiento, aspectos sobre los que los y las core\u00f3grafos que firman los textos analizan a prop\u00f3sito de su obra, sus herramientas y los procesos de investigaci\u00f3n que siguen.<\/p>\n<p>Volviendo al libro en el que Pere Faura reflexiona sobre la danza, B\u00e0rbara Raubert, la responsable de la edici\u00f3n, escribe: \u00ab<em>Aqu\u00ed\u00a0hay registradas unas cuantas horas de discoteca, litros de sudor y miradas cruzadas a ritmo de\u00a0tecno. Entre medio, aparecen m\u00faltiples visiones sobre el trabajo de core\u00f3grafo \u2014desde el impulso creativo hasta la necesidad de gesti\u00f3n o el an\u00e1lisis de los resultados\u2014 que nos llevan a la claridad cegadora de los focos de un escenario y tambi\u00e9n a la oscuridad m\u00e1s profunda de una madriguera. Este es el retrato \u00edntimo de Pere (Gay) Faura, un artista de la pista, y de la misma pista en la que se mueve: la cultura de hoy<\/em>\u00bb<\/p>\n<p>Por su parte, Cesc Gelabert nos muestra, a trav\u00e9s de su libro <em>Lo que me gustar\u00eda que la danza fuera,<\/em> la danza en estado puro, abordada desde todos los prismas. La obra constituye el resumen de m\u00e1s de 50 a\u00f1os de trayectoria profesional de uno de los bailarines m\u00e1s conocidos a escala internacional del pa\u00eds. La edici\u00f3n ha ido a cargo de Joaquim Noguero, que destaca que el libro no es un manual sino \u00ab<em>una invitaci\u00f3n a la conversaci\u00f3n, a aprovechar el bagaje de toda una vida. Y es que para Gelabert la danza o el baile pueden ser \u00fatiles para cualquier persona, edad o cultura, la clave est\u00e1 en el hecho de que el maestro sepa transmitir dependiendo de los intereses de cada persona<\/em><em>.<\/em>\u00bb<\/p>\n<p>&nbsp;<\/p>\n","protected":false},"excerpt":{"rendered":"<p>El Mercat de les Flors, el\u00a0 Institut del Teatre y [&hellip;]<\/p>\n","protected":false},"author":1,"featured_media":0,"comment_status":"open","ping_status":"open","sticky":false,"template":"","format":"standard","meta":[],"categories":[16],"tags":[],"_links":{"self":[{"href":"https:\/\/old.mercatflors.cat\/es\/wp-json\/wp\/v2\/posts\/47776\/"}],"collection":[{"href":"https:\/\/old.mercatflors.cat\/es\/wp-json\/wp\/v2\/posts\/"}],"about":[{"href":"https:\/\/old.mercatflors.cat\/es\/wp-json\/wp\/v2\/types\/post\/"}],"author":[{"embeddable":true,"href":"https:\/\/old.mercatflors.cat\/es\/wp-json\/wp\/v2\/users\/1\/"}],"replies":[{"embeddable":true,"href":"https:\/\/old.mercatflors.cat\/es\/wp-json\/wp\/v2\/comments\/?post=47776"}],"version-history":[{"count":0,"href":"https:\/\/old.mercatflors.cat\/es\/wp-json\/wp\/v2\/posts\/47776\/revisions\/"}],"wp:attachment":[{"href":"https:\/\/old.mercatflors.cat\/es\/wp-json\/wp\/v2\/media\/?parent=47776"}],"wp:term":[{"taxonomy":"category","embeddable":true,"href":"https:\/\/old.mercatflors.cat\/es\/wp-json\/wp\/v2\/categories\/?post=47776"},{"taxonomy":"post_tag","embeddable":true,"href":"https:\/\/old.mercatflors.cat\/es\/wp-json\/wp\/v2\/tags\/?post=47776"}],"curies":[{"name":"wp","href":"https:\/\/api.w.org\/{rel}","templated":true}]}}