{"id":47826,"date":"2020-09-14T15:52:48","date_gmt":"2020-09-14T14:52:48","guid":{"rendered":"https:\/\/old.mercatflors.cat\/?p=47826"},"modified":"2021-07-05T09:02:07","modified_gmt":"2021-07-05T08:02:07","slug":"medidas-covid-19-de-acceso-a-los-espectaculos-del-mercat-de-les-flors","status":"publish","type":"post","link":"https:\/\/old.mercatflors.cat\/es\/actualidad\/medidas-covid-19-de-acceso-a-los-espectaculos-del-mercat-de-les-flors\/","title":{"rendered":"Medidas Covid-19 de acceso a los espect\u00e1culos del Mercat de les Flors"},"content":{"rendered":"<p><img decoding=\"async\" loading=\"lazy\" class=\"size-medium wp-image-4489\" src=\"https:\/\/old.mercatflors.cat\/wp-content\/uploads\/2011\/11\/mercat_int-350x217.jpg\" alt=\"Hall del Mercat\" width=\"350\" height=\"217\" srcset=\"https:\/\/old.mercatflors.cat\/wp-content\/uploads\/2011\/11\/mercat_int-350x217.jpg 350w, https:\/\/old.mercatflors.cat\/wp-content\/uploads\/2011\/11\/mercat_int.jpg 790w\" sizes=\"(max-width: 350px) 100vw, 350px\" \/><\/p>\n<p>&nbsp;<\/p>\n<p><strong>Para que pod\u00e1is hacer la visita con las m\u00e1ximas garant\u00edas y seguridad, desde el Mercat de les Flors hemos tomado estas medidas siguiendo la normativa sanitaria vigente:<\/strong><\/p>\n<ul>\n<li>\u00b7 Mantened la distancia de seguridad de 1,5 m<\/li>\n<li>\u00b7 Es obligatorio que hag\u00e1is uso de la mascarilla en todo momento.<\/li>\n<li>\u00b7 Preparad la entrada en vuestro dispositivo m\u00f3vil y aseguraros que ten\u00e9is bater\u00eda suficiente.<\/li>\n<li>\u00b7 Ocupad exclusivamente la butaca asignada a vuestra entrada.<\/li>\n<li>\u00b7 Si las entradas no son numeradas seguid las instrucciones del personal de sala encargado de acomodaros.<\/li>\n<li>\u00b7 La salida de la sala se realizar\u00e1 de forma escalonada. Seguid en todo momento las indicaciones del personal de sala.<\/li>\n<li>\u00b7 Las salas se abrir\u00e1n con la antelaci\u00f3n adecuada y ser\u00e1 necesario que sig\u00e1is los protocolos establecidos para cada funci\u00f3n para facilitar el acceso escalonado.<\/li>\n<li>\u00b7 No se permitir\u00e1 el acceso a la sala una vez iniciado el espect\u00e1culo.<\/li>\n<\/ul>\n<p>&nbsp;<\/p>\n<h2>SALA MAC<\/h2>\n<p><strong>&#8211; Media hora antes de la funci\u00f3n<\/strong><\/p>\n<p>Acceso para personas con <strong>MOVILIDAD REDUCIDA, EMBARAZADAS Y OTRAS NECESIDADES ESPECIALES <\/strong>(se recomienda avisar previamente de esta necesidad a <a href=\"mailto:publics@mercatflors.cat\"><span style=\"color: #0000ff;\">publics@mercatflors.cat<\/span><\/a>)<\/p>\n<p><strong>&#8211; Veinticinco minutos antes de la funci\u00f3n<\/strong><\/p>\n<p>Acceso a las butacas de la 1 a la 12 de todas las filas<\/p>\n<p><strong>&#8211; Quince minutos antes de la funci\u00f3n<\/strong><\/p>\n<p>Acceso a las butacas de la 13 a la 23 de todas las filas<\/p>\n<p><strong>&#8211; Cinco minutos antes del espect\u00e1culo la funci\u00f3n<\/strong><\/p>\n<p>Acceso a las butacas de la 24 a la 32 de todas las filas<strong>\u00a0<\/strong><\/p>\n<p><em>Todos los que no llegu\u00e9is al teatro en el horario asignado a vuestra localidad podr\u00e9is acceder unos minutos antes del cierre de las puertas siguiendo las indicaciones el personal de acomodaci\u00f3n<\/em><\/p>\n<h2>SALA PB<\/h2>\n<p>Las entradas son sin numerar, la apertura de puertas se realizar\u00e1 20 minutos antes de la funci\u00f3n y el equipo de acomodaci\u00f3n os asignar\u00e1 una butaca siguiendo los protocolos sanitarios establecidos<\/p>\n<h2>SALA OM<\/h2>\n<p>La sala OM est\u00e1 ubicada en el edificio del Institut del Teatre. La entrada se realizar\u00e1 desde la plaza Ovidi Montllor y Margarida Xirgu.\u00a0El acceso a la sala se realizar\u00e1 de forma escalonada, por franjas horarias y siguiendo en todo momento las indicaciones del personal de sala:<\/p>\n<p><strong>&#8211; Media hora antes de la funci\u00f3n <\/strong><\/p>\n<p>Acceso de personas con <strong>MOVILIDAD REDUCIDA, EMBARAZADAS Y OTRAS NECESIDADES ESPECIALES <\/strong>(se recomienda avisar previamente de esta necesidad a <span style=\"color: #0000ff;\"><a style=\"color: #0000ff;\" href=\"mailto:publics@mercatflors.cat\">publics@mercatflors.cat<\/a><\/span>)<\/p>\n<p><strong>&#8211; Veinticinco minutos antes de la funci\u00f3n <\/strong><\/p>\n<p>Acceso de la fila 1 a la fila 8<\/p>\n<p><strong>&#8211; Quince minutos antes de la funci\u00f3n<\/strong><\/p>\n<p>Acceso de les butacas 7 a la 13 de la fila 9 a la fila 18<\/p>\n<p><strong>&#8211; Diez minutos antes de la funci\u00f3n<\/strong><\/p>\n<p>Acceso de las butacas 1 a la 6 de la fila 9 a la \u00a0fila 18_Lado izquierdo<\/p>\n<p>Acceso de las butacas 13 a la 18 de la fila 9 a la fila 18_Lado derecho<\/p>\n<p><em>Todos los que no llegu\u00e9is al teatro en el horario asignado a vuestra localidad podr\u00e9is acceder unos minutos antes del cierre de las puertas siguiendo las indicaciones el personal de acomodaci\u00f3n<\/em><\/p>\n<p><strong>Para cualquier duda o consulta pod\u00e9is dirigiros a \u00a0<span style=\"color: #0000ff;\"><a style=\"color: #0000ff;\" href=\"mailto:publics@mercatflors.cat\">publics@mercatflors.cat<\/a><\/span><\/strong><\/p>\n","protected":false},"excerpt":{"rendered":"<p>&nbsp; Para que pod\u00e1is hacer la visita con las m\u00e1ximas [&hellip;]<\/p>\n","protected":false},"author":1,"featured_media":0,"comment_status":"open","ping_status":"open","sticky":false,"template":"","format":"standard","meta":[],"categories":[16],"tags":[],"_links":{"self":[{"href":"https:\/\/old.mercatflors.cat\/es\/wp-json\/wp\/v2\/posts\/47826\/"}],"collection":[{"href":"https:\/\/old.mercatflors.cat\/es\/wp-json\/wp\/v2\/posts\/"}],"about":[{"href":"https:\/\/old.mercatflors.cat\/es\/wp-json\/wp\/v2\/types\/post\/"}],"author":[{"embeddable":true,"href":"https:\/\/old.mercatflors.cat\/es\/wp-json\/wp\/v2\/users\/1\/"}],"replies":[{"embeddable":true,"href":"https:\/\/old.mercatflors.cat\/es\/wp-json\/wp\/v2\/comments\/?post=47826"}],"version-history":[{"count":0,"href":"https:\/\/old.mercatflors.cat\/es\/wp-json\/wp\/v2\/posts\/47826\/revisions\/"}],"wp:attachment":[{"href":"https:\/\/old.mercatflors.cat\/es\/wp-json\/wp\/v2\/media\/?parent=47826"}],"wp:term":[{"taxonomy":"category","embeddable":true,"href":"https:\/\/old.mercatflors.cat\/es\/wp-json\/wp\/v2\/categories\/?post=47826"},{"taxonomy":"post_tag","embeddable":true,"href":"https:\/\/old.mercatflors.cat\/es\/wp-json\/wp\/v2\/tags\/?post=47826"}],"curies":[{"name":"wp","href":"https:\/\/api.w.org\/{rel}","templated":true}]}}