{"id":4786,"date":"2012-12-17T11:01:24","date_gmt":"2012-12-17T11:01:24","guid":{"rendered":"https:\/\/old.mercatflors.cat\/?p=4786"},"modified":"2012-12-27T10:07:34","modified_gmt":"2012-12-27T10:07:34","slug":"cocina-de-los-residentes-en-el-mercat-el-coreografo-roberto-olivan-inaugura-este-ciclo-de-conversaciones-en-arts-santa-monica","status":"publish","type":"post","link":"https:\/\/old.mercatflors.cat\/es\/actualidad\/cocina-de-los-residentes-en-el-mercat-el-coreografo-roberto-olivan-inaugura-este-ciclo-de-conversaciones-en-arts-santa-monica\/","title":{"rendered":"Cocina de los residentes en el Mercat: la segunda charla, con Marcos Morau"},"content":{"rendered":"<p>Una de las actividades alrededor de la exposici\u00f3n L<a href=\"http:\/\/artssantamonica.cat\/EXP\/EXPOSICIONS\/tabid\/128\/any\/201210\/language\/es-ES\/Default.aspx#exposicio74\" target=\"_blank\"><span style=\"color: #3366ff;\"><strong>a Danza en Catalunya (1966-2012)<\/strong><\/span><\/a>, que se puede ver en Arts Santa M\u00f2nica, es el ciclo de conversaciones de core\u00f3grafos residentes en el Mercat esta temporada. El ciclo pretende poner al alcance del p\u00fablico, m\u00e1s all\u00e1 de la propia producci\u00f3n y exhibici\u00f3n esc\u00e9nica, informaci\u00f3n de primera mano sobre el proceso creativo del autor: motivaciones, m\u00e9todos, influencias y materiales. Queremos acercarnos a su mundo y conocer c\u00f3mo trabajan, sus tiempos de cocina y los secretos en el obrador.<\/p>\n<p>Dos citas en viernes para la conversaci\u00f3n con <strong>Roberto Oliv\u00e1n<\/strong>\u00a0i <strong>Marcos Morau<\/strong>, core\u00f3grafos residentes y que presentan obra durante la actual temporada en el Mercat. El programa es<\/p>\n<ul>\n<li>Viernes 21 diciembre 2012, a las 19.00 h &#8211; <strong>ROBERTO OLIV\u00c1N<\/strong> conversaci\u00f3n con <strong>Marc Oliv\u00e9<\/strong>, programador del Mercat de les Flors<\/li>\n<li>\u00a0Viernes 18 de enero 2013, a las 19.00 h- <strong>MARCOS MORAU<\/strong> conversaci\u00f3n con <strong>Cesc Casades\u00fas<\/strong>, director del Mercat de les Flors<\/li>\n<\/ul>\n<p align=\"left\">\u00a0Roberto Olivan presentar\u00e1 con su compa\u00f1\u00eda Enclave Arts del Moviment su nueva pieza <a href=\"https:\/\/old.mercatflors.cat\/es\/espectacle\/a-place-to-bury-strangers\/\" target=\"_blank\"><strong><span style=\"color: #3366ff;\"><em>A place to bury strangers<\/em><\/span><\/strong><\/a>, del 18 al 20 y del 25 al 27 de enero de 2013. Y Marcos Morau vendr\u00e1 al Mercat con <a href=\"https:\/\/old.mercatflors.cat\/es\/espectacle\/siena\/\" target=\"_blank\"><span style=\"color: #0000ff;\"><strong><em><span style=\"text-decoration: underline;\">Siena<\/span> <\/em><\/strong><\/span><\/a>del 22 al 24 de marzo y del 5 al 7 de abril.<\/p>\n","protected":false},"excerpt":{"rendered":"<p>Una de las actividades alrededor de la exposici\u00f3n La Danza [&hellip;]<\/p>\n","protected":false},"author":1,"featured_media":0,"comment_status":"open","ping_status":"open","sticky":false,"template":"","format":"standard","meta":[],"categories":[16],"tags":[],"_links":{"self":[{"href":"https:\/\/old.mercatflors.cat\/es\/wp-json\/wp\/v2\/posts\/4786\/"}],"collection":[{"href":"https:\/\/old.mercatflors.cat\/es\/wp-json\/wp\/v2\/posts\/"}],"about":[{"href":"https:\/\/old.mercatflors.cat\/es\/wp-json\/wp\/v2\/types\/post\/"}],"author":[{"embeddable":true,"href":"https:\/\/old.mercatflors.cat\/es\/wp-json\/wp\/v2\/users\/1\/"}],"replies":[{"embeddable":true,"href":"https:\/\/old.mercatflors.cat\/es\/wp-json\/wp\/v2\/comments\/?post=4786"}],"version-history":[{"count":0,"href":"https:\/\/old.mercatflors.cat\/es\/wp-json\/wp\/v2\/posts\/4786\/revisions\/"}],"wp:attachment":[{"href":"https:\/\/old.mercatflors.cat\/es\/wp-json\/wp\/v2\/media\/?parent=4786"}],"wp:term":[{"taxonomy":"category","embeddable":true,"href":"https:\/\/old.mercatflors.cat\/es\/wp-json\/wp\/v2\/categories\/?post=4786"},{"taxonomy":"post_tag","embeddable":true,"href":"https:\/\/old.mercatflors.cat\/es\/wp-json\/wp\/v2\/tags\/?post=4786"}],"curies":[{"name":"wp","href":"https:\/\/api.w.org\/{rel}","templated":true}]}}