{"id":47976,"date":"2020-09-21T18:36:56","date_gmt":"2020-09-21T17:36:56","guid":{"rendered":"https:\/\/old.mercatflors.cat\/?p=47976"},"modified":"2020-11-18T12:06:14","modified_gmt":"2020-11-18T11:06:14","slug":"taller-per-a-artistes-dolga-mesa-i-francisco-ruiz-de-infante","status":"publish","type":"post","link":"https:\/\/old.mercatflors.cat\/es\/actualidad\/taller-per-a-artistes-dolga-mesa-i-francisco-ruiz-de-infante\/","title":{"rendered":"Taller para a artistes, de Olga Mesa y Francisco Ruiz de Infante"},"content":{"rendered":"<p>El 24 y 25 de noviembre de 2020 tendr\u00e1 lugar en el Mercat de les Flors un taller de danza y audiovisual para artistas profesionales o no profesionales, como bailarines, actores, performers, realizadores, fot\u00f3grafos&#8230;\u00a0 A partir de este taller se seleccionar\u00e1 a las personas que participar\u00e1n en escena en la pieza <em>Carmen \/\/ Shakespeare<\/em>, de los creadores Olga Mesa y Francisco Ruiz de Infante, a quien el Mercat dedica una constelaci\u00f3n con la que podremos profundizar en su trabajo. Los seleccionados recibir\u00e1n un cachet de 300 \u20ac para las presentaciones p\u00fablicas.<\/p>\n<p>Despu\u00e9s del taller, los seleccionados tendr\u00e1n que ensayar dos d\u00edas (26 y 28 de enero) y representar la pieza 3 d\u00edas, el 29, 30 y 31 de enero.<\/p>\n<p>Desc\u00e1rgate la informaci\u00f3n <a href=\"https:\/\/old.mercatflors.cat\/wp-content\/uploads\/2020\/09\/CAT-_-ESP-Convocatoria-LAB_REC-Vitoria.pdf\">AQU\u00cd<\/a><\/p>\n","protected":false},"excerpt":{"rendered":"<p>El 24 y 25 de noviembre de 2020 tendr\u00e1 lugar [&hellip;]<\/p>\n","protected":false},"author":1,"featured_media":0,"comment_status":"open","ping_status":"open","sticky":false,"template":"","format":"standard","meta":[],"categories":[16],"tags":[],"_links":{"self":[{"href":"https:\/\/old.mercatflors.cat\/es\/wp-json\/wp\/v2\/posts\/47976\/"}],"collection":[{"href":"https:\/\/old.mercatflors.cat\/es\/wp-json\/wp\/v2\/posts\/"}],"about":[{"href":"https:\/\/old.mercatflors.cat\/es\/wp-json\/wp\/v2\/types\/post\/"}],"author":[{"embeddable":true,"href":"https:\/\/old.mercatflors.cat\/es\/wp-json\/wp\/v2\/users\/1\/"}],"replies":[{"embeddable":true,"href":"https:\/\/old.mercatflors.cat\/es\/wp-json\/wp\/v2\/comments\/?post=47976"}],"version-history":[{"count":0,"href":"https:\/\/old.mercatflors.cat\/es\/wp-json\/wp\/v2\/posts\/47976\/revisions\/"}],"wp:attachment":[{"href":"https:\/\/old.mercatflors.cat\/es\/wp-json\/wp\/v2\/media\/?parent=47976"}],"wp:term":[{"taxonomy":"category","embeddable":true,"href":"https:\/\/old.mercatflors.cat\/es\/wp-json\/wp\/v2\/categories\/?post=47976"},{"taxonomy":"post_tag","embeddable":true,"href":"https:\/\/old.mercatflors.cat\/es\/wp-json\/wp\/v2\/tags\/?post=47976"}],"curies":[{"name":"wp","href":"https:\/\/api.w.org\/{rel}","templated":true}]}}