{"id":48119,"date":"2020-09-29T15:55:29","date_gmt":"2020-09-29T14:55:29","guid":{"rendered":"https:\/\/old.mercatflors.cat\/?p=48119"},"modified":"2020-11-03T11:45:02","modified_gmt":"2020-11-03T10:45:02","slug":"el-graner-abre-convocatoria-de-ayudas-a-la-creacion-en-residencia-para-el-ano-2021","status":"publish","type":"post","link":"https:\/\/old.mercatflors.cat\/es\/actualidad\/el-graner-abre-convocatoria-de-ayudas-a-la-creacion-en-residencia-para-el-ano-2021\/","title":{"rendered":"El Graner abre convocatoria de ayudas a la creaci\u00f3n en residencia para el a\u00f1o 2021"},"content":{"rendered":"<p>Est\u00e1 dirigida a artistas, colectivos, y otros profesionales, locales e internacionales, que trabajen en las \u00e1reas de la danza y las artes vivas, y que desarrollen propuestas de creaci\u00f3n o de investigaci\u00f3n<\/p>\n<p>Esta convocatoria se articula en 4 modalidades:<\/p>\n<p>\u2022 Residencias de creaci\u00f3n<br \/>\n\u2022 Residencias de investigaci\u00f3n<br \/>\n\u2022 Residencias de investigaci\u00f3n en iluminaci\u00f3n esc\u00e9nica<br \/>\n\u2022 Artistas emergentes<\/p>\n<p>Las solicitudes se podr\u00e1n presentar desde el momento de la publicaci\u00f3n de la presente convocatoria\u00a0<strong>hasta el mi\u00e9rcoles 14 de octubre de 2020<\/strong>\u00a0(20h hora Barcelona)<\/p>\n<p><span style=\"color: #0000ff;\"><a style=\"color: #0000ff;\" href=\"https:\/\/old.mercatflors.cat\/es\/convocatoria-de-ayudas-a-la-creacion-2021-de-el-graner-fabrica-de-creacio\/\" target=\"_blank\" rel=\"noopener\">BASES Y FORMULARIO DE SOLICITUD<\/a><\/span><\/p>\n","protected":false},"excerpt":{"rendered":"<p>Est\u00e1 dirigida a artistas, colectivos, y otros profesionales, locales e [&hellip;]<\/p>\n","protected":false},"author":1,"featured_media":0,"comment_status":"open","ping_status":"open","sticky":false,"template":"","format":"standard","meta":[],"categories":[16],"tags":[],"_links":{"self":[{"href":"https:\/\/old.mercatflors.cat\/es\/wp-json\/wp\/v2\/posts\/48119\/"}],"collection":[{"href":"https:\/\/old.mercatflors.cat\/es\/wp-json\/wp\/v2\/posts\/"}],"about":[{"href":"https:\/\/old.mercatflors.cat\/es\/wp-json\/wp\/v2\/types\/post\/"}],"author":[{"embeddable":true,"href":"https:\/\/old.mercatflors.cat\/es\/wp-json\/wp\/v2\/users\/1\/"}],"replies":[{"embeddable":true,"href":"https:\/\/old.mercatflors.cat\/es\/wp-json\/wp\/v2\/comments\/?post=48119"}],"version-history":[{"count":0,"href":"https:\/\/old.mercatflors.cat\/es\/wp-json\/wp\/v2\/posts\/48119\/revisions\/"}],"wp:attachment":[{"href":"https:\/\/old.mercatflors.cat\/es\/wp-json\/wp\/v2\/media\/?parent=48119"}],"wp:term":[{"taxonomy":"category","embeddable":true,"href":"https:\/\/old.mercatflors.cat\/es\/wp-json\/wp\/v2\/categories\/?post=48119"},{"taxonomy":"post_tag","embeddable":true,"href":"https:\/\/old.mercatflors.cat\/es\/wp-json\/wp\/v2\/tags\/?post=48119"}],"curies":[{"name":"wp","href":"https:\/\/api.w.org\/{rel}","templated":true}]}}