{"id":48309,"date":"2020-09-30T13:25:37","date_gmt":"2020-09-30T12:25:37","guid":{"rendered":"https:\/\/old.mercatflors.cat\/?p=48309"},"modified":"2020-11-18T08:47:21","modified_gmt":"2020-11-18T07:47:21","slug":"marina-mascarell-busca-performers-para-una-coproduccion-del-mercat-y-el-dance-forum-taipei","status":"publish","type":"post","link":"https:\/\/old.mercatflors.cat\/es\/actualidad\/marina-mascarell-busca-performers-para-una-coproduccion-del-mercat-y-el-dance-forum-taipei\/","title":{"rendered":"Marina Mascarell busca performers para una coproducci\u00f3n del Mercat y el Dance Forum (Taipei)"},"content":{"rendered":"<p><img decoding=\"async\" loading=\"lazy\" class=\"alignnone size-medium wp-image-48292\" src=\"https:\/\/old.mercatflors.cat\/wp-content\/uploads\/2020\/09\/IMG-20200922-WA0004-350x189.jpg\" alt=\"\" width=\"350\" height=\"189\" srcset=\"https:\/\/old.mercatflors.cat\/wp-content\/uploads\/2020\/09\/IMG-20200922-WA0004-350x189.jpg 350w, https:\/\/old.mercatflors.cat\/wp-content\/uploads\/2020\/09\/IMG-20200922-WA0004-768x414.jpg 768w, https:\/\/old.mercatflors.cat\/wp-content\/uploads\/2020\/09\/IMG-20200922-WA0004-790x426.jpg 790w, https:\/\/old.mercatflors.cat\/wp-content\/uploads\/2020\/09\/IMG-20200922-WA0004.jpg 1600w\" sizes=\"(max-width: 350px) 100vw, 350px\" \/><\/p>\n<p><strong>Marina Mascarell busca 2 o 3 performers para su nueva producci\u00f3n con el Mercat de les Flors y el Dance Forum (Taipei). <\/strong>La fecha l\u00edmite para la entrega de curr\u00edculum y material audiovisual es el 16 de octubre. Las personas seleccionadas participar\u00e1n en un taller presencial del 13 al 15 de noviembre.<\/p>\n<p><strong>Perfil requerido:<\/strong><\/p>\n<p>Se\u00a0buscan performers a partir de 45 a\u00f1os. Profesionales de la danza contempor\u00e1nea, de cualquier t\u00e9cnica y estilo. Con inter\u00e9s en formar parte y compartir un proceso creativo con un grupo de 7 bailarines y el equipo art\u00edstico. Se valorar\u00e1 la capacidad para improvisar, la versatilidad y el inter\u00e9s para experimentar con el cuerpo, la palabra y el sonido.<\/p>\n<p><strong>Caracter\u00edsticas del proyecto<\/strong>:<\/p>\n<p>Esta audici\u00f3n se enmarca en un proyecto que quiere explorar las <strong>posibilidades del cuerpo como arma pol\u00edtica<\/strong>.\u00a0Un grupo de personas se constituir\u00e1 como \u2018comunidad\u2019, con el deseo de cuestionar nuestra posici\u00f3n como cuerpos obedientes, construidos y productivos, con el anhelo para encontrar alternativas.<\/p>\n<p><em><strong>+ info:<\/strong><\/em><\/p>\n<p>Si quieres m\u00e1s informaci\u00f3n sobre la audici\u00f3n\u00a0<a href=\"https:\/\/old.mercatflors.cat\/wp-content\/uploads\/2020\/09\/Audici\u00f3n-Marina-Mascarell-cast.pdf\"><span style=\"color: #0000ff;\">consulta las bases<\/span><\/a><\/p>\n","protected":false},"excerpt":{"rendered":"<p>Marina Mascarell busca 2 o 3 performers para su nueva [&hellip;]<\/p>\n","protected":false},"author":1,"featured_media":0,"comment_status":"open","ping_status":"open","sticky":false,"template":"","format":"standard","meta":[],"categories":[16],"tags":[],"_links":{"self":[{"href":"https:\/\/old.mercatflors.cat\/es\/wp-json\/wp\/v2\/posts\/48309\/"}],"collection":[{"href":"https:\/\/old.mercatflors.cat\/es\/wp-json\/wp\/v2\/posts\/"}],"about":[{"href":"https:\/\/old.mercatflors.cat\/es\/wp-json\/wp\/v2\/types\/post\/"}],"author":[{"embeddable":true,"href":"https:\/\/old.mercatflors.cat\/es\/wp-json\/wp\/v2\/users\/1\/"}],"replies":[{"embeddable":true,"href":"https:\/\/old.mercatflors.cat\/es\/wp-json\/wp\/v2\/comments\/?post=48309"}],"version-history":[{"count":0,"href":"https:\/\/old.mercatflors.cat\/es\/wp-json\/wp\/v2\/posts\/48309\/revisions\/"}],"wp:attachment":[{"href":"https:\/\/old.mercatflors.cat\/es\/wp-json\/wp\/v2\/media\/?parent=48309"}],"wp:term":[{"taxonomy":"category","embeddable":true,"href":"https:\/\/old.mercatflors.cat\/es\/wp-json\/wp\/v2\/categories\/?post=48309"},{"taxonomy":"post_tag","embeddable":true,"href":"https:\/\/old.mercatflors.cat\/es\/wp-json\/wp\/v2\/tags\/?post=48309"}],"curies":[{"name":"wp","href":"https:\/\/api.w.org\/{rel}","templated":true}]}}