{"id":48593,"date":"2020-10-13T11:53:58","date_gmt":"2020-10-13T10:53:58","guid":{"rendered":"https:\/\/old.mercatflors.cat\/?p=48593"},"modified":"2020-11-03T11:47:15","modified_gmt":"2020-11-03T10:47:15","slug":"participamos-en-el-barcelona-dibuixa-con-el-taller-emmirallat-de-francesca-llopis","status":"publish","type":"post","link":"https:\/\/old.mercatflors.cat\/es\/actualidad\/participamos-en-el-barcelona-dibuixa-con-el-taller-emmirallat-de-francesca-llopis\/","title":{"rendered":"Participamos en el Barcelona Dibuixa con el taller &#8220;EMMIRALLA&#8217;T&#8221;, de Francesca Llopis"},"content":{"rendered":"<p>En el marco de <strong>Barcelona Dibuixa 2020<\/strong>, la gran fiesta del dibujo de la ciudad organizada por el Museo Picasso y el ICUB, el Mercat de les Flors ha organizado el taller virtual &#8220;<strong>EMMIRALLA&#8217;T<\/strong>&#8220;, de la artista pl\u00e1stica\u00a0Francesca Llopis.\u00a0Se trata de escoger objetos o muebles de tu entorno m\u00e1s pr\u00f3ximo y crear un gui\u00f3n ilustrado (&#8220;story\u00a0board&#8221;)\u00a0para explicar cu\u00e1les ser\u00e1n los movimientos para &#8220;emmirallar-se&#8221;, identificarse o\u00a0desdoblarse\u00a0en este objeto. Despu\u00e9s, desarrollar con una coreograf\u00eda o acci\u00f3n lo que se ha expresado en el dibujo y grabarlo con el m\u00f3vil.<\/p>\n<p>Las personas interesadas al participar pueden inscribirse al taller desde la <span style=\"color: #0000ff;\"><a style=\"color: #0000ff;\" href=\"https:\/\/www.barcelona.cat\/barcelonadibuixa\/#artistes-i-tallers\">web del Barcelona Dibuixa 2020<\/a><\/span> y subir su gui\u00f3n ilustrado. Una vez realizado este paso, tienen hasta el 20 de octubre para filmarse haciendo la coreograf\u00eda o acci\u00f3n que hayan pensado y enviarla por\u00a0wetransfer\u00a0al correo electr\u00f3nico:\u00a0<span style=\"color: #0000ff;\"><a style=\"color: #0000ff;\" href=\"mailto:barcelonadibuixa20@mercatflors.cat\" target=\"_blank\" rel=\"noopener\">barcelonadibuixa20 [ at ]<\/a><a style=\"color: #0000ff;\" href=\"mailto:barcelonadibuixa20@mercatflors.cat\" target=\"_blank\" rel=\"noopener\"> mercatflors.cat<\/a><\/span>. Las grabaciones pueden tener una duraci\u00f3n aproximada de 30 segundos, un peso\u00a0m\u00e1ximo de 90 Mb y se recomienda realizarlas con la m\u00e1xima calidad que permita el tel\u00e9fono m\u00f3vil, en formato horizontal y con tr\u00edpode o similar.<\/p>\n<p>Francesca Llopis editar\u00e1 una <strong>pieza de video con los materiales recibidos que se har\u00e1 p\u00fablica el 25 de octubre<\/strong>, a trav\u00e9s del web del Barcelona Dibuixa y de sus redes sociales.<\/p>\n<p>Si tienes alguna duda, echa un vistazo al video que ha preparado la artista Francesca Llopis, incluyendo un ejemplo de gui\u00f3n ilustrado y la acci\u00f3n relacionada:<\/p>\n<p><iframe loading=\"lazy\" src=\"https:\/\/player.vimeo.com\/video\/462571674\" width=\"640\" height=\"360\" frameborder=\"0\" allowfullscreen=\"allowfullscreen\" data-mce-fragment=\"1\"><\/iframe><\/p>\n<p><img decoding=\"async\" loading=\"lazy\" class=\"alignnone wp-image-48553\" src=\"https:\/\/old.mercatflors.cat\/wp-content\/uploads\/2020\/10\/Barcelona-Dibuixa-Logo-color-350x195.jpg\" alt=\"\" width=\"649\" height=\"379\" \/><\/p>\n","protected":false},"excerpt":{"rendered":"<p>En el marco de Barcelona Dibuixa 2020, la gran fiesta [&hellip;]<\/p>\n","protected":false},"author":1,"featured_media":0,"comment_status":"open","ping_status":"open","sticky":false,"template":"","format":"standard","meta":[],"categories":[16],"tags":[],"_links":{"self":[{"href":"https:\/\/old.mercatflors.cat\/es\/wp-json\/wp\/v2\/posts\/48593\/"}],"collection":[{"href":"https:\/\/old.mercatflors.cat\/es\/wp-json\/wp\/v2\/posts\/"}],"about":[{"href":"https:\/\/old.mercatflors.cat\/es\/wp-json\/wp\/v2\/types\/post\/"}],"author":[{"embeddable":true,"href":"https:\/\/old.mercatflors.cat\/es\/wp-json\/wp\/v2\/users\/1\/"}],"replies":[{"embeddable":true,"href":"https:\/\/old.mercatflors.cat\/es\/wp-json\/wp\/v2\/comments\/?post=48593"}],"version-history":[{"count":0,"href":"https:\/\/old.mercatflors.cat\/es\/wp-json\/wp\/v2\/posts\/48593\/revisions\/"}],"wp:attachment":[{"href":"https:\/\/old.mercatflors.cat\/es\/wp-json\/wp\/v2\/media\/?parent=48593"}],"wp:term":[{"taxonomy":"category","embeddable":true,"href":"https:\/\/old.mercatflors.cat\/es\/wp-json\/wp\/v2\/categories\/?post=48593"},{"taxonomy":"post_tag","embeddable":true,"href":"https:\/\/old.mercatflors.cat\/es\/wp-json\/wp\/v2\/tags\/?post=48593"}],"curies":[{"name":"wp","href":"https:\/\/api.w.org\/{rel}","templated":true}]}}