{"id":48652,"date":"2020-10-15T16:13:56","date_gmt":"2020-10-15T15:13:56","guid":{"rendered":"https:\/\/old.mercatflors.cat\/?p=48652"},"modified":"2021-03-15T07:26:21","modified_gmt":"2021-03-15T06:26:21","slug":"comencem-lactivitat-una-horeta-abans-daquesta-temporada","status":"publish","type":"post","link":"https:\/\/old.mercatflors.cat\/es\/actualidad\/comencem-lactivitat-una-horeta-abans-daquesta-temporada\/","title":{"rendered":"Vuelven las actividades familiares al Mercat con Una Horeta Abans"},"content":{"rendered":"<p>El fin de semana del 24 y 25 de octubre comenzamos las actividades propuestas destinadas a las familias con Una Horeta Abans, actividad para los ni\u00f1os y ni\u00f1as que vienen a ver piezs para ellos, en esta ocasi\u00f3n\u00a0<em>Des gestes blancs<\/em>, de la compa\u00f1\u00eda francesa Na\u00eff Production. Esta actividad, conducida por la bailarina y pedagoga de la danza Magdalena Garz\u00f3n con la colaboraci\u00f3n del escen\u00f3grafo Oriol Corral, ofrece propuestas visuales y de juegos en clave did\u00e1ctica que envuelven a los peque\u00f1os de un contexto propicio para acercarse a la danza.<\/p>\n<p>La actividad es gratuita y tendr\u00e1 lugar una hora antes que empiecen los espect\u00e1culos para los peque\u00f1os. Para asistir es<strong> imprescindible tener entrada al espect\u00e1culo <\/strong>y durante esta temporada se deber\u00e1\u00a0<strong>inscribir previamente.<\/strong><\/p>\n<p>La actividad est\u00e1 dise\u00f1ada para un adulto + un ni\u00f1o. Tendr\u00e1 lugar en la sala MAC del Mercat de les Flors.<\/p>\n<p><em>Gratuita con inscripci\u00f3n previa. Aforo limitado.<\/em><\/p>\n<p><a href=\"https:\/\/old.mercatflors.cat\/activitat\/una-horeta-abans-des-gestes-blancs\/\"><span style=\"color: #0000ff;\">+ info e inscripciones<\/span><\/a><\/p>\n","protected":false},"excerpt":{"rendered":"<p>El fin de semana del 24 y 25 de octubre [&hellip;]<\/p>\n","protected":false},"author":1,"featured_media":0,"comment_status":"open","ping_status":"open","sticky":false,"template":"","format":"standard","meta":[],"categories":[16],"tags":[],"_links":{"self":[{"href":"https:\/\/old.mercatflors.cat\/es\/wp-json\/wp\/v2\/posts\/48652\/"}],"collection":[{"href":"https:\/\/old.mercatflors.cat\/es\/wp-json\/wp\/v2\/posts\/"}],"about":[{"href":"https:\/\/old.mercatflors.cat\/es\/wp-json\/wp\/v2\/types\/post\/"}],"author":[{"embeddable":true,"href":"https:\/\/old.mercatflors.cat\/es\/wp-json\/wp\/v2\/users\/1\/"}],"replies":[{"embeddable":true,"href":"https:\/\/old.mercatflors.cat\/es\/wp-json\/wp\/v2\/comments\/?post=48652"}],"version-history":[{"count":0,"href":"https:\/\/old.mercatflors.cat\/es\/wp-json\/wp\/v2\/posts\/48652\/revisions\/"}],"wp:attachment":[{"href":"https:\/\/old.mercatflors.cat\/es\/wp-json\/wp\/v2\/media\/?parent=48652"}],"wp:term":[{"taxonomy":"category","embeddable":true,"href":"https:\/\/old.mercatflors.cat\/es\/wp-json\/wp\/v2\/categories\/?post=48652"},{"taxonomy":"post_tag","embeddable":true,"href":"https:\/\/old.mercatflors.cat\/es\/wp-json\/wp\/v2\/tags\/?post=48652"}],"curies":[{"name":"wp","href":"https:\/\/api.w.org\/{rel}","templated":true}]}}