{"id":48736,"date":"2020-10-20T16:27:10","date_gmt":"2020-10-20T15:27:10","guid":{"rendered":"https:\/\/old.mercatflors.cat\/?p=48736"},"modified":"2020-11-03T10:22:08","modified_gmt":"2020-11-03T09:22:08","slug":"6a-semana-apropa-cultura-2020","status":"publish","type":"post","link":"https:\/\/old.mercatflors.cat\/es\/actualidad\/6a-semana-apropa-cultura-2020\/","title":{"rendered":"6\u00aa Semana Apropa Cultura 2020"},"content":{"rendered":"<p>Desde el a\u00f1o 2010, el Mercat participa en Apropa Cultura, proyecto socioeducativo de los equipamientos culturales de Catalunya que ofrecen parte de su programaci\u00f3n a centros y asociaciones que trabajan con personas en situaci\u00f3n de discriminaci\u00f3n y riesgo de exclusi\u00f3n social.<\/p>\n<p>Adem\u00e1s de ofrecer la asistencia a la mayor\u00eda de espect\u00e1culos, el Mercat tambi\u00e9n participa en la formaci\u00f3n para educadores <em>Educa amb l\u2019art<\/em>: este a\u00f1o se propone un taller en el Mercat a cargo de la bailarina y artista Vero Cendoya el pr\u00f3ximo 31 de octubre.<\/p>\n<p>La Semana Apropa se celebrar\u00e1 del 26 de octubre al 1 de noviembre; con la Semana Apropa se quiere dar un protagonismo destacado a cada colectivo que forma parte del programa, y esta temporada se centra en la Salud Mental y en todas las entidades, asociaciones y centros que trabajan con el colectivo.<\/p>\n<p>El lunes 26 de octubre se celebrar\u00e1 el Acto Anual Apropa Cultura en CaixaForum con todas las personas, programadoras y entidades que apoyan el programa cada a\u00f1o, acto presentado por el periodista Xavier Grasset y que podr\u00e1 seguirse presencialmente o por streaming.<\/p>\n<p><a href=\"https:\/\/www.apropacultura.cat\/ca\/sesion-formacion\/taller-dansa-moviment\">Taller Educa amb l\u2019art<\/a><\/p>\n<p><a href=\"https:\/\/www.apropacultura.cat\/es\/acte-anual-apropa-cultura\">Acto anual Apropa<\/a><\/p>\n","protected":false},"excerpt":{"rendered":"<p>Desde el a\u00f1o 2010, el Mercat participa en Apropa Cultura, [&hellip;]<\/p>\n","protected":false},"author":1,"featured_media":0,"comment_status":"open","ping_status":"open","sticky":false,"template":"","format":"standard","meta":[],"categories":[16],"tags":[],"_links":{"self":[{"href":"https:\/\/old.mercatflors.cat\/es\/wp-json\/wp\/v2\/posts\/48736\/"}],"collection":[{"href":"https:\/\/old.mercatflors.cat\/es\/wp-json\/wp\/v2\/posts\/"}],"about":[{"href":"https:\/\/old.mercatflors.cat\/es\/wp-json\/wp\/v2\/types\/post\/"}],"author":[{"embeddable":true,"href":"https:\/\/old.mercatflors.cat\/es\/wp-json\/wp\/v2\/users\/1\/"}],"replies":[{"embeddable":true,"href":"https:\/\/old.mercatflors.cat\/es\/wp-json\/wp\/v2\/comments\/?post=48736"}],"version-history":[{"count":0,"href":"https:\/\/old.mercatflors.cat\/es\/wp-json\/wp\/v2\/posts\/48736\/revisions\/"}],"wp:attachment":[{"href":"https:\/\/old.mercatflors.cat\/es\/wp-json\/wp\/v2\/media\/?parent=48736"}],"wp:term":[{"taxonomy":"category","embeddable":true,"href":"https:\/\/old.mercatflors.cat\/es\/wp-json\/wp\/v2\/categories\/?post=48736"},{"taxonomy":"post_tag","embeddable":true,"href":"https:\/\/old.mercatflors.cat\/es\/wp-json\/wp\/v2\/tags\/?post=48736"}],"curies":[{"name":"wp","href":"https:\/\/api.w.org\/{rel}","templated":true}]}}