{"id":48868,"date":"2020-10-30T16:28:19","date_gmt":"2020-10-30T15:28:19","guid":{"rendered":"https:\/\/old.mercatflors.cat\/?p=48868"},"modified":"2020-10-30T16:28:19","modified_gmt":"2020-10-30T15:28:19","slug":"la-instalacion-prospective-actions-se-puede-visitar-durante-estos-dias","status":"publish","type":"post","link":"https:\/\/old.mercatflors.cat\/es\/actualidad\/la-instalacion-prospective-actions-se-puede-visitar-durante-estos-dias\/","title":{"rendered":"La instalaci\u00f3n &#8216;Prospective Actions&#8217; se puede visitar durante estos d\u00edas"},"content":{"rendered":"<p>El Mercat de les Flors informa que la instalaci\u00f3n <em>Prospective Actions (Catalunya 2014-2018)<\/em> permanecer\u00e1 abierta, siguiendo las indicaciones dictaminadas por el Departament de Sanitat que permeti las exposiciones e instalaciones con control de aforo. Para accedie a la instalaci\u00f3n ser\u00e1 necesario, eso s\u00ed, solicitar cita previa a trav\u00e9s de la web.<\/p>\n<p>Durante estas dos semanas en las que se suspenden los espect\u00e1culos en teatros y espacios esc\u00e9nicos, el Mercat no ten\u00eda programado ning\u00fan espect\u00e1culo (el festival El M\u00e9s Petit de Tots empieza el 14 de noviembre), de manera que la programaci\u00f3n del Mercat no est\u00e1 afectada en estos momentos por las restricciones sanitarias.<\/p>\n<p>Entra <a href=\"https:\/\/es.patronbase.com\/_MercatFlorsEs\/Productions\/745\/Performances?_ga=2.215273879.1416377196.1603983070-1020446518.1584355010\"><strong>AQU\u00cd<\/strong> <\/a>para reservar tu entrada.<\/p>\n","protected":false},"excerpt":{"rendered":"<p>El Mercat de les Flors informa que la instalaci\u00f3n Prospective [&hellip;]<\/p>\n","protected":false},"author":1,"featured_media":0,"comment_status":"open","ping_status":"open","sticky":false,"template":"","format":"standard","meta":[],"categories":[16],"tags":[],"_links":{"self":[{"href":"https:\/\/old.mercatflors.cat\/es\/wp-json\/wp\/v2\/posts\/48868\/"}],"collection":[{"href":"https:\/\/old.mercatflors.cat\/es\/wp-json\/wp\/v2\/posts\/"}],"about":[{"href":"https:\/\/old.mercatflors.cat\/es\/wp-json\/wp\/v2\/types\/post\/"}],"author":[{"embeddable":true,"href":"https:\/\/old.mercatflors.cat\/es\/wp-json\/wp\/v2\/users\/1\/"}],"replies":[{"embeddable":true,"href":"https:\/\/old.mercatflors.cat\/es\/wp-json\/wp\/v2\/comments\/?post=48868"}],"version-history":[{"count":0,"href":"https:\/\/old.mercatflors.cat\/es\/wp-json\/wp\/v2\/posts\/48868\/revisions\/"}],"wp:attachment":[{"href":"https:\/\/old.mercatflors.cat\/es\/wp-json\/wp\/v2\/media\/?parent=48868"}],"wp:term":[{"taxonomy":"category","embeddable":true,"href":"https:\/\/old.mercatflors.cat\/es\/wp-json\/wp\/v2\/categories\/?post=48868"},{"taxonomy":"post_tag","embeddable":true,"href":"https:\/\/old.mercatflors.cat\/es\/wp-json\/wp\/v2\/tags\/?post=48868"}],"curies":[{"name":"wp","href":"https:\/\/api.w.org\/{rel}","templated":true}]}}