{"id":48911,"date":"2020-11-03T12:22:36","date_gmt":"2020-11-03T11:22:36","guid":{"rendered":"https:\/\/old.mercatflors.cat\/?p=48911"},"modified":"2020-11-18T12:06:51","modified_gmt":"2020-11-18T11:06:51","slug":"quinta-entrega-de-alimentos-a-trabajadors-de-la-cultura-sin-recursos","status":"publish","type":"post","link":"https:\/\/old.mercatflors.cat\/es\/actualidad\/quinta-entrega-de-alimentos-a-trabajadors-de-la-cultura-sin-recursos\/","title":{"rendered":"Quinta entrega de alimentos a trabajador@s de la cultura sin recursos"},"content":{"rendered":"<p>El jueves 4 de noviembre, entre 10.30 h y 12.30 h., el Mercat ser\u00e1 la sede del quinto acto de la campa\u00f1a de entrega de alimentos para trabajador@s de la cultura \u2013en esta edici\u00f3n de la danza-, que a causa de la pandemia no tienen recursos. Organizado por <span style=\"color: #0000ff;\"><strong><a style=\"color: #0000ff;\" href=\"http:\/\/actuaayudaalimenta.org\/#introduccion\"> #AAA \/\/ Actua Ajuda Alimenta<\/a><\/strong><\/span> (antigua asociaci\u00f3n de la pionera Dj\u2019s contra la Fam), ya han realizado acciones previes como la del jueves en otros centros esc\u00e9nicos, como el Teatre Nacional de Catalunya o el Teatre Lliure.<\/p>\n<p>El acto conptar\u00e1 con la representaci\u00f3n de un peque\u00f1o fragmento de <em>Carmina<\/em> <em>Burana<\/em>, que interpreta la compa\u00f1\u00eda Crea Danza dirigida por la core\u00f3grafa Maria Rovira y que har\u00e1 al mismo tiempo un homenaje a los sanitarios con el vestuario del fragmento.<\/p>\n<p>Hasta la fecha, ya han tenido lugar cinco acciones en Barcelona y dos en Madrid.<\/p>\n","protected":false},"excerpt":{"rendered":"<p>El jueves 4 de noviembre, entre 10.30 h y 12.30 [&hellip;]<\/p>\n","protected":false},"author":1,"featured_media":0,"comment_status":"open","ping_status":"open","sticky":false,"template":"","format":"standard","meta":[],"categories":[16],"tags":[],"_links":{"self":[{"href":"https:\/\/old.mercatflors.cat\/es\/wp-json\/wp\/v2\/posts\/48911\/"}],"collection":[{"href":"https:\/\/old.mercatflors.cat\/es\/wp-json\/wp\/v2\/posts\/"}],"about":[{"href":"https:\/\/old.mercatflors.cat\/es\/wp-json\/wp\/v2\/types\/post\/"}],"author":[{"embeddable":true,"href":"https:\/\/old.mercatflors.cat\/es\/wp-json\/wp\/v2\/users\/1\/"}],"replies":[{"embeddable":true,"href":"https:\/\/old.mercatflors.cat\/es\/wp-json\/wp\/v2\/comments\/?post=48911"}],"version-history":[{"count":0,"href":"https:\/\/old.mercatflors.cat\/es\/wp-json\/wp\/v2\/posts\/48911\/revisions\/"}],"wp:attachment":[{"href":"https:\/\/old.mercatflors.cat\/es\/wp-json\/wp\/v2\/media\/?parent=48911"}],"wp:term":[{"taxonomy":"category","embeddable":true,"href":"https:\/\/old.mercatflors.cat\/es\/wp-json\/wp\/v2\/categories\/?post=48911"},{"taxonomy":"post_tag","embeddable":true,"href":"https:\/\/old.mercatflors.cat\/es\/wp-json\/wp\/v2\/tags\/?post=48911"}],"curies":[{"name":"wp","href":"https:\/\/api.w.org\/{rel}","templated":true}]}}