{"id":48996,"date":"2020-11-06T13:42:49","date_gmt":"2020-11-06T12:42:49","guid":{"rendered":"https:\/\/old.mercatflors.cat\/?p=48996"},"modified":"2021-07-05T09:01:13","modified_gmt":"2021-07-05T08:01:13","slug":"participamos-un-ano-mas-en-el-proyecto-en-residencia-que-ya-esta-en-marcha","status":"publish","type":"post","link":"https:\/\/old.mercatflors.cat\/es\/actualidad\/participamos-un-ano-mas-en-el-proyecto-en-residencia-que-ya-esta-en-marcha\/","title":{"rendered":"Participamos un a\u00f1o m\u00e1s en el proyecto EN RESIDENCIA, que ya est\u00e1 en marcha"},"content":{"rendered":"<p>Mercat de les Flors y Graner formamos t\u00e1ndem, un curso m\u00e1s, dentro del programa\u00a0ENRESiD\u00c8NCiA\u00a0y comisariamos y mediamos las residencias de David Climent en el Instituto Salvador Espriu (en el barrio del Clot) y de Silvia\u00a0Sant Funk en el Instituto Montjuic (en el barrio de la Marina del port) respectivamente<\/p>\n<p>Ambas residencias ya han empezado, y desde el Mercat de les Flors las iremos explicando, poniendo el foco en la que est\u00e1 llevando a cabo el creador castellonense David Climent con los alumnos de 4.\u00ba de ESO del Instituto Salvador Espriu, pero tambi\u00e9n relataremos lo que se trabaje desde el Instituto Montjuic. El Mercat de les Flors participa en el proyecto desde el curso 2012-13<\/p>\n<p>La residencia en el Salvador Espriu, que participa por segundo a\u00f1o consecutivo en el proyecto (el a\u00f1o pasado acogi\u00f3 la residencia de Clara\u00a0Nubiola), se podr\u00e1 seguir <a href=\"https:\/\/old.mercatflors.cat\/es\/programa-en-residencia\/\">aqu\u00ed<\/a>. El artista en residencia de esta edici\u00f3n, David Climent (Castell\u00f3, 1977), es fundador de Loscorderos.sc junto con Pablo\u00a0Molinero, y cuenta con el apoyo de los profesores\u00a0Montalb\u00e0\u00a0Bori\u00a0y M\u00f2nica Sandoval.<\/p>\n<p>Las sesiones de EN RESiD\u00c8NCiA se hacen, en este caso, en el Espai Jove del Clot, ubicado en el Centro Cultural La Farinera,\u00a0como espacio cedido por el Distrito debido a las medidas por el\u00a0covid, que imposibilitan disponer de un espacio en el instituto para desarrollar el proyecto, lo cual representa una oportunidad para que los alumnos conozcan otros equipamientos del barrio<\/p>\n<p>Este instituto, ubicado en la plaza de las Glorias, sit\u00faa la participaci\u00f3n en el proyecto en los procesos de transformaci\u00f3n de toda su comunidad educativa y de sus conexiones con el entorno m\u00e1s inmediato. El proceso de creaci\u00f3nEN RESiD\u00c8NCiA empez\u00f3 con entrevistas del artista con los alumnos que participar\u00e1n en el proyecto, para conocer las emociones, las motivaciones y las inquietudes de cada uno de ellos.<\/p>\n<p>El pasado 21 de octubre, el alumnado visit\u00f3 la exposici\u00f3n de Clara\u00a0Nubiola\u00a0<em>Leer una Plaza<\/em>, que acoge el Museo del Dise\u00f1o de Barcelona. Esta es la muestra resultante del proceso de\u00a0ENRESiD\u00c8NCiA\u00a0del curso pasado y el alumnado pudo dialogar con la artista de las experiencias creativas compartidas dado que tambi\u00e9n participaron. Sin duda, un buen punto de partida para estimular el inicio del proceso creativo de este a\u00f1o.<\/p>\n<p>Pod\u00e9is seguir el DIARIO DEL PROCESO\u00a0<a href=\"https:\/\/blocsenresidencia.bcn.cat\/salvadorespriu2021\/\"><span style=\"color: #0000ff;\">aqu\u00ed\u00a0<\/span><\/a><\/p>\n<p>La residencia en el Institut Montju\u00efc, por su parte, se podr\u00e1 seguir <a href=\"http:\/\/granerbcn.cat\/educatius\/secundaria\/en-residencia\/\"><span style=\"color: #0000ff;\">aqu\u00ed<\/span><\/a><\/p>\n<p><em>EN RESiD\u00c8NCiA es un programa del Instituto de Cultura de Barcelona y el Consorcio de Educaci\u00f3n de Barcelona, ideado en cooperaci\u00f3n con la Asociaci\u00f3n A\u00a0Bao\u00a0A\u00a0Qu, que lleva los creadores a trabajar durante todo un curso en el aula. Este trabajo, que concluye con la presentaci\u00f3n de una pieza, en este caso vinculada a la danza y el movimiento, pone en di\u00e1logo de una manera intensa y significativa la creaci\u00f3n, educaci\u00f3n y mediaci\u00f3n.<\/em><\/p>\n<p>&nbsp;<\/p>\n<p><img decoding=\"async\" loading=\"lazy\" class=\"alignnone wp-image-49088 size-medium\" src=\"https:\/\/old.mercatflors.cat\/wp-content\/uploads\/2020\/11\/Vista-Museu-En-Reside\u0300ncia-790-x-490-350x217.jpg\" alt=\"\" width=\"350\" height=\"217\" srcset=\"https:\/\/old.mercatflors.cat\/wp-content\/uploads\/2020\/11\/Vista-Museu-En-Reside\u0300ncia-790-x-490-350x217.jpg 350w, https:\/\/old.mercatflors.cat\/wp-content\/uploads\/2020\/11\/Vista-Museu-En-Reside\u0300ncia-790-x-490-768x476.jpg 768w, https:\/\/old.mercatflors.cat\/wp-content\/uploads\/2020\/11\/Vista-Museu-En-Reside\u0300ncia-790-x-490.jpg 790w\" sizes=\"(max-width: 350px) 100vw, 350px\" \/>\u00a0 \u00a0 \u00a0 \u00a0<img decoding=\"async\" loading=\"lazy\" class=\"alignnone size-medium wp-image-48986\" src=\"https:\/\/old.mercatflors.cat\/wp-content\/uploads\/2020\/11\/Espriu-790-x-490-350x217.jpg\" alt=\"\" width=\"350\" height=\"217\" srcset=\"https:\/\/old.mercatflors.cat\/wp-content\/uploads\/2020\/11\/Espriu-790-x-490-350x217.jpg 350w, https:\/\/old.mercatflors.cat\/wp-content\/uploads\/2020\/11\/Espriu-790-x-490-768x476.jpg 768w, https:\/\/old.mercatflors.cat\/wp-content\/uploads\/2020\/11\/Espriu-790-x-490.jpg 790w\" sizes=\"(max-width: 350px) 100vw, 350px\" \/><\/p>\n","protected":false},"excerpt":{"rendered":"<p>Mercat de les Flors y Graner formamos t\u00e1ndem, un curso [&hellip;]<\/p>\n","protected":false},"author":1,"featured_media":0,"comment_status":"open","ping_status":"open","sticky":false,"template":"","format":"standard","meta":[],"categories":[16],"tags":[],"_links":{"self":[{"href":"https:\/\/old.mercatflors.cat\/es\/wp-json\/wp\/v2\/posts\/48996\/"}],"collection":[{"href":"https:\/\/old.mercatflors.cat\/es\/wp-json\/wp\/v2\/posts\/"}],"about":[{"href":"https:\/\/old.mercatflors.cat\/es\/wp-json\/wp\/v2\/types\/post\/"}],"author":[{"embeddable":true,"href":"https:\/\/old.mercatflors.cat\/es\/wp-json\/wp\/v2\/users\/1\/"}],"replies":[{"embeddable":true,"href":"https:\/\/old.mercatflors.cat\/es\/wp-json\/wp\/v2\/comments\/?post=48996"}],"version-history":[{"count":0,"href":"https:\/\/old.mercatflors.cat\/es\/wp-json\/wp\/v2\/posts\/48996\/revisions\/"}],"wp:attachment":[{"href":"https:\/\/old.mercatflors.cat\/es\/wp-json\/wp\/v2\/media\/?parent=48996"}],"wp:term":[{"taxonomy":"category","embeddable":true,"href":"https:\/\/old.mercatflors.cat\/es\/wp-json\/wp\/v2\/categories\/?post=48996"},{"taxonomy":"post_tag","embeddable":true,"href":"https:\/\/old.mercatflors.cat\/es\/wp-json\/wp\/v2\/tags\/?post=48996"}],"curies":[{"name":"wp","href":"https:\/\/api.w.org\/{rel}","templated":true}]}}