{"id":49145,"date":"2020-11-12T19:55:42","date_gmt":"2020-11-12T18:55:42","guid":{"rendered":"https:\/\/old.mercatflors.cat\/?p=49145"},"modified":"2020-12-09T09:03:04","modified_gmt":"2020-12-09T08:03:04","slug":"cancelados-los-espectaculos-presenciales-de-el-mes-petit-de-tots-y-aplazadas-las-actividades-de-societat-dr-alonso","status":"publish","type":"post","link":"https:\/\/old.mercatflors.cat\/es\/actualidad\/cancelados-los-espectaculos-presenciales-de-el-mes-petit-de-tots-y-aplazadas-las-actividades-de-societat-dr-alonso\/","title":{"rendered":"Cancelados los espect\u00e1culos presenciales de El M\u00e9s Petit de Tots"},"content":{"rendered":"<p>La pr\u00f3rroga de las restricciones dictaminadas por el Govern catal\u00e1n obliga al Mercat de les Flors y al festival <a href=\"https:\/\/old.mercatflors.cat\/ciclesifestivals\/festival-el-mes-petit-de-tots-2020-21\/\"><span style=\"color: #0000ff;\">El M\u00e9s Petit de Tots<\/span><\/a>\u00a0a cancelar los espect\u00e1culos programados este mes de noviembre, y a aplazar las actividades de la compa\u00f1\u00eda Societat Doctor Alonso: la <span style=\"color: #0000ff;\"><a style=\"color: #0000ff;\" href=\"https:\/\/old.mercatflors.cat\/activitat\/presentacio-del-llibre-el-desenterrador\/\">presentaci\u00f3n del libro &#8216;El desenterrador&#8217;<\/a><\/span> prevista para el 18 de noviembre y las <span style=\"color: #0000ff;\"><a style=\"color: #0000ff;\" href=\"https:\/\/old.mercatflors.cat\/activitat\/sessions-de-practica-artistica\/\">sesiones de pr\u00e1ctica art\u00edstica<\/a><\/span> de los d\u00edas 17 y 18 de noviembre. Las nuevas fechas de estas actividades todav\u00eda est\u00e1n por definir. La <span style=\"color: #0000ff;\"><a style=\"color: #0000ff;\" href=\"https:\/\/old.mercatflors.cat\/activitat\/exposicio-prospective-actions-catalunya-2004-2018\/\">instalaci\u00f3n\u00a0<em>Prospective Actions<\/em><\/a><\/span>, en cambio, se podr\u00e1 seguir viendo hasta el 22 de noviembre.<\/p>\n<p>La devoluci\u00f3n de las entradas adquiridas con antelaci\u00f3n se har\u00e1 en los quince d\u00edas siguientes a la fecha de la funci\u00f3n suspendida. Si las entradas se adquirieron a trav\u00e9s de la web, la devoluci\u00f3n del importe se har\u00e1 en la tarjeta con la que se hizo el pago.<\/p>\n<p>Si las entradas fueron adquiridas en la taquilla del Mercat de les Flors o en Tiquet Rambles, se deber\u00e1 indicar el n\u00famero de cuenta al que dese\u00e1is el retorno por transferencia a\u00a0<a href=\"mailto:publics@mercatflors.cat\"><span style=\"color: #0000ff;\">publics@mercatflors.cat<\/span><\/a><\/p>\n<p><strong>Respecto al festival El M\u00e9s Petit de Tots<\/strong><\/p>\n<p>De toda manera, el festival tendr\u00e1 lugar en un nuevo formato virtual: <span style=\"color: #0000ff;\"><a style=\"color: #0000ff;\" href=\"https:\/\/old.mercatflors.cat\/espectacle\/petit-als-nuvols\/\">Petit als N\u00favols<\/a><\/span> permitir\u00e1 disfrutar de 3 propuestas esc\u00e9nicas a trav\u00e9s de las redes del 14 al 29 de noviembre. Estas tres experiencias art\u00edsticas han sido creadas expresamente en l\u00ednea por tres compa\u00f1\u00edas de Catalunya: Cuc, de Animal Religion; L\u2019horitz\u00f3 de Latung La La, de David Ymbernon; y Expandint la jungla, de la compa\u00f1\u00eda Big Bouncers.<\/p>\n<p>Para acceder se deber\u00e1 adquirir un c\u00f3digo, con el que se podr\u00e1n visualizar las tres creaciones, as\u00ed como las conferencias del V Encuentro Internacional de Artes para la Primera Infancia.<\/p>\n<p><u>Instrucciones para acceder a las propuestas digitales<\/u><\/p>\n<p>1.- Cuando una familia decida que la oferta le interesa y adquiere lo que tradicionalmente consideramos como una entrada, una vez efectuado el pago recibir\u00e1 un c\u00f3digo y un enlace a la p\u00e1gina petitalsnuvols.elmespetitdetots.cat. En esta p\u00e1gina deber\u00e1 introducir el c\u00f3digo adquirido y podr\u00e1 disfrutar de todos los contenidos antes mencionados.<\/p>\n<p>2.- Cada c\u00f3digo da acceso a las tres propuestas art\u00edsticas + las conferencies del Encuentro Internacional.<\/p>\n<p>3.- El acceso es ilimitado mientras dure el Festival. Es decir, cada comprador podr\u00e1 entrar a los contenidos tantas veces como quiera.<\/p>\n","protected":false},"excerpt":{"rendered":"<p>La pr\u00f3rroga de las restricciones dictaminadas por el Govern catal\u00e1n [&hellip;]<\/p>\n","protected":false},"author":1,"featured_media":0,"comment_status":"open","ping_status":"open","sticky":false,"template":"","format":"standard","meta":[],"categories":[16],"tags":[],"_links":{"self":[{"href":"https:\/\/old.mercatflors.cat\/es\/wp-json\/wp\/v2\/posts\/49145\/"}],"collection":[{"href":"https:\/\/old.mercatflors.cat\/es\/wp-json\/wp\/v2\/posts\/"}],"about":[{"href":"https:\/\/old.mercatflors.cat\/es\/wp-json\/wp\/v2\/types\/post\/"}],"author":[{"embeddable":true,"href":"https:\/\/old.mercatflors.cat\/es\/wp-json\/wp\/v2\/users\/1\/"}],"replies":[{"embeddable":true,"href":"https:\/\/old.mercatflors.cat\/es\/wp-json\/wp\/v2\/comments\/?post=49145"}],"version-history":[{"count":0,"href":"https:\/\/old.mercatflors.cat\/es\/wp-json\/wp\/v2\/posts\/49145\/revisions\/"}],"wp:attachment":[{"href":"https:\/\/old.mercatflors.cat\/es\/wp-json\/wp\/v2\/media\/?parent=49145"}],"wp:term":[{"taxonomy":"category","embeddable":true,"href":"https:\/\/old.mercatflors.cat\/es\/wp-json\/wp\/v2\/categories\/?post=49145"},{"taxonomy":"post_tag","embeddable":true,"href":"https:\/\/old.mercatflors.cat\/es\/wp-json\/wp\/v2\/tags\/?post=49145"}],"curies":[{"name":"wp","href":"https:\/\/api.w.org\/{rel}","templated":true}]}}